{"id":36736,"date":"2025-07-30T15:30:40","date_gmt":"2025-07-30T13:30:40","guid":{"rendered":"https:\/\/www.interninow.it\/design-e-natura\/"},"modified":"2025-08-01T12:49:58","modified_gmt":"2025-08-01T10:49:58","slug":"design-e-natura","status":"publish","type":"post","link":"https:\/\/www.interninow.it\/it\/design-e-natura\/","title":{"rendered":"Design e natura:"},"content":{"rendered":"\t\t<div data-elementor-type=\"wp-post\" data-elementor-id=\"36736\" class=\"elementor elementor-36736 elementor-36480\" data-elementor-post-type=\"post\">\n\t\t\t\t<div class=\"elementor-element elementor-element-09e0237 e-grid e-con-boxed e-con e-parent\" data-id=\"09e0237\" data-element_type=\"container\" data-e-type=\"container\">\n\t\t\t\t\t<div class=\"e-con-inner\">\n\t\t\t\t<div class=\"elementor-element elementor-element-9e73ba1 elementor-widget__width-initial elementor-widget elementor-widget-heading\" data-id=\"9e73ba1\" data-element_type=\"widget\" data-e-type=\"widget\" data-widget_type=\"heading.default\">\n\t\t\t\t<div class=\"elementor-widget-container\">\n\t\t\t\t\t<h2 class=\"elementor-heading-title elementor-size-default\">Una nuova armonia tra architettura, interior design e paesaggio<\/h2>\t\t\t\t<\/div>\n\t\t\t\t<\/div>\n\t\t<div class=\"elementor-element elementor-element-458045a e-con-full e-flex e-con e-child\" data-id=\"458045a\" data-element_type=\"container\" data-e-type=\"container\">\n\t\t\t\t<div class=\"elementor-element elementor-element-19aeef8 elementor-widget elementor-widget-text-editor\" data-id=\"19aeef8\" data-element_type=\"widget\" data-e-type=\"widget\" data-widget_type=\"text-editor.default\">\n\t\t\t\t<div class=\"elementor-widget-container\">\n\t\t\t\t\t\t\t\t\t<p><span style=\"font-weight: 400;\">Nel mondo dell\u2019interior design contemporaneo, il dialogo tra design e natura non \u00e8 pi\u00f9 una tendenza, ma un valore imprescindibile. In un\u2019epoca che richiede consapevolezza ambientale e autenticit\u00e0 estetica, progettare significa innanzitutto ascoltare il contesto. <\/span><\/p><p> <\/p><p><span style=\"font-weight: 400;\">\u00c8 in questa filosofia che Interni now trova la propria identit\u00e0 pi\u00f9 profonda: unendo la sapienza artigianale italiana alla forza evocativa del luogo, i progetti si trasformano in esperienze estetiche e sensoriali totali.<\/span><\/p><p> <\/p><p><span style=\"font-weight: 400;\">Dalle residenze private agli spazi dell\u2019ospitalit\u00e0, ogni progetto a cui prende parte Interni now inizia attraverso una riflessione sul <\/span><i><span style=\"font-weight: 400;\">Genius Loci<\/span><\/i><span style=\"font-weight: 400;\">, lo spirito del luogo, che guida ogni scelta: dai materiali alle texture, dalla disposizione degli spazi alla luce naturale. Tutto si combina per esprimere un\u2019idea di lusso autentico e su misura, in cui brand d\u2019eccellenza come B&amp;B Italia, Cassina, Edra, Poltrona Frau e Baxter dialogano con marmi locali, legni pregiati e tessuti naturali in un equilibrio senza tempo che esalta il prodotto. <\/span><\/p>\t\t\t\t\t\t\t\t<\/div>\n\t\t\t\t<\/div>\n\t\t\t\t<\/div>\n\t\t\t\t\t<\/div>\n\t\t\t\t<\/div>\n\t\t<div class=\"elementor-element elementor-element-68086f2 e-flex e-con-boxed e-con e-parent\" data-id=\"68086f2\" data-element_type=\"container\" data-e-type=\"container\">\n\t\t\t\t\t<div class=\"e-con-inner\">\n\t\t\t\t<div class=\"elementor-element elementor-element-87f9832 elementor-widget-divider--view-line elementor-widget elementor-widget-divider\" data-id=\"87f9832\" data-element_type=\"widget\" data-e-type=\"widget\" data-widget_type=\"divider.default\">\n\t\t\t\t<div class=\"elementor-widget-container\">\n\t\t\t\t\t\t\t<div class=\"elementor-divider\">\n\t\t\t<span class=\"elementor-divider-separator\">\n\t\t\t\t\t\t<\/span>\n\t\t<\/div>\n\t\t\t\t\t\t<\/div>\n\t\t\t\t<\/div>\n\t\t\t\t\t<\/div>\n\t\t\t\t<\/div>\n\t\t<div class=\"elementor-element elementor-element-2d2ad1d e-grid e-con-boxed e-con e-parent\" data-id=\"2d2ad1d\" data-element_type=\"container\" data-e-type=\"container\">\n\t\t\t\t\t<div class=\"e-con-inner\">\n\t\t\t\t<div class=\"elementor-element elementor-element-518c29d elementor-widget__width-initial elementor-widget elementor-widget-heading\" data-id=\"518c29d\" data-element_type=\"widget\" data-e-type=\"widget\" data-widget_type=\"heading.default\">\n\t\t\t\t<div class=\"elementor-widget-container\">\n\t\t\t\t\t<h2 class=\"elementor-heading-title elementor-size-default\">Dialogo tra interno ed esterno<\/h2>\t\t\t\t<\/div>\n\t\t\t\t<\/div>\n\t\t<div class=\"elementor-element elementor-element-bd11998 e-con-full e-flex e-con e-child\" data-id=\"bd11998\" data-element_type=\"container\" data-e-type=\"container\">\n\t\t\t\t<div class=\"elementor-element elementor-element-2f22238 elementor-widget elementor-widget-text-editor\" data-id=\"2f22238\" data-element_type=\"widget\" data-e-type=\"widget\" data-widget_type=\"text-editor.default\">\n\t\t\t\t<div class=\"elementor-widget-container\">\n\t\t\t\t\t\t\t\t\t<p><span style=\"font-weight: 400;\">Nel cuore di Forte dei Marmi, <strong>Villa Maria<\/strong> rappresenta un perfetto esempio di fusione tra architettura e paesaggio. Progettata in collaborazione con Studio B, la villa privilegia l&#8217;apertura verso l&#8217;esterno, con ampie vetrate che collegano senza soluzione di continuit\u00e0 gli spazi interni ed esterni. Il giardino, curato nei minimi dettagli, ospita una piscina con un rialzo parzialmente immerso, dove le sedute trasparenti della collezione A\u2019mare di Edra sembrano galleggiare tra luce e riflessi, creando un&#8217;atmosfera di leggerezza e armonia. Le aree lounge e la zona dining completano l&#8217;outdoor, offrendo spazi pensati per vivere appieno ogni istante, in un equilibrio perfetto tra design e funzionalit\u00e0, esaltando lo stile di vita esclusivo di Forte dei Marmi, dove l&#8217;architettura si fa esperienza sensoriale e luogo di incontro.   <\/span><\/p>\t\t\t\t\t\t\t\t<\/div>\n\t\t\t\t<\/div>\n\t\t\t\t<\/div>\n\t\t\t\t\t<\/div>\n\t\t\t\t<\/div>\n\t\t<div class=\"elementor-element elementor-element-ef0a322 e-grid e-con-boxed e-con e-parent\" data-id=\"ef0a322\" data-element_type=\"container\" data-e-type=\"container\">\n\t\t\t\t\t<div class=\"e-con-inner\">\n\t\t<div class=\"elementor-element elementor-element-bf60e16 e-con-full e-flex e-con e-child\" data-id=\"bf60e16\" data-element_type=\"container\" data-e-type=\"container\" data-settings=\"{&quot;background_background&quot;:&quot;classic&quot;}\">\n\t\t<div class=\"elementor-element elementor-element-fe30295 e-con-full e-flex e-con e-child\" data-id=\"fe30295\" data-element_type=\"container\" data-e-type=\"container\">\n\t\t\t\t<div class=\"elementor-element elementor-element-cc8f831 elementor-widget elementor-widget-text-editor\" data-id=\"cc8f831\" data-element_type=\"widget\" data-e-type=\"widget\" data-widget_type=\"text-editor.default\">\n\t\t\t\t<div class=\"elementor-widget-container\">\n\t\t\t\t\t\t\t\t\t<p>Forte dei Marmi<\/p>\t\t\t\t\t\t\t\t<\/div>\n\t\t\t\t<\/div>\n\t\t\t\t<div class=\"elementor-element elementor-element-329f700 elementor-widget elementor-widget-heading\" data-id=\"329f700\" data-element_type=\"widget\" data-e-type=\"widget\" data-widget_type=\"heading.default\">\n\t\t\t\t<div class=\"elementor-widget-container\">\n\t\t\t\t\t<h3 class=\"elementor-heading-title elementor-size-default\">Villa Maria<\/h3>\t\t\t\t<\/div>\n\t\t\t\t<\/div>\n\t\t\t\t<\/div>\n\t\t\t\t<div class=\"elementor-element elementor-element-5f9f0d4 elementor-widget elementor-widget-button\" data-id=\"5f9f0d4\" data-element_type=\"widget\" data-e-type=\"widget\" data-widget_type=\"button.default\">\n\t\t\t\t<div class=\"elementor-widget-container\">\n\t\t\t\t\t\t\t\t\t<div class=\"elementor-button-wrapper\">\n\t\t\t\t\t<a class=\"elementor-button elementor-button-link elementor-size-sm\" href=\"https:\/\/www.interninow.it\/it\/progetti\/villa-maria-a-forte-dei-marmi\/\">\n\t\t\t\t\t\t<span class=\"elementor-button-content-wrapper\">\n\t\t\t\t\t\t\t\t\t<span class=\"elementor-button-text\">Dettagli<\/span>\n\t\t\t\t\t<\/span>\n\t\t\t\t\t<\/a>\n\t\t\t\t<\/div>\n\t\t\t\t\t\t\t\t<\/div>\n\t\t\t\t<\/div>\n\t\t\t\t<\/div>\n\t\t<div class=\"elementor-element elementor-element-fb32dd2 e-con-full e-flex e-con e-child\" data-id=\"fb32dd2\" data-element_type=\"container\" data-e-type=\"container\" data-settings=\"{&quot;background_background&quot;:&quot;classic&quot;}\">\n\t\t\t\t<div class=\"elementor-element elementor-element-9869d9b elementor-widget elementor-widget-gallery\" data-id=\"9869d9b\" data-element_type=\"widget\" data-e-type=\"widget\" data-settings=\"{&quot;columns&quot;:2,&quot;gap&quot;:{&quot;unit&quot;:&quot;px&quot;,&quot;size&quot;:20,&quot;sizes&quot;:[]},&quot;aspect_ratio&quot;:&quot;1:1&quot;,&quot;lazyload&quot;:&quot;yes&quot;,&quot;gallery_layout&quot;:&quot;grid&quot;,&quot;columns_tablet&quot;:2,&quot;columns_mobile&quot;:1,&quot;gap_laptop&quot;:{&quot;unit&quot;:&quot;px&quot;,&quot;size&quot;:10,&quot;sizes&quot;:[]},&quot;gap_tablet_extra&quot;:{&quot;unit&quot;:&quot;px&quot;,&quot;size&quot;:10,&quot;sizes&quot;:[]},&quot;gap_tablet&quot;:{&quot;unit&quot;:&quot;px&quot;,&quot;size&quot;:10,&quot;sizes&quot;:[]},&quot;gap_mobile_extra&quot;:{&quot;unit&quot;:&quot;px&quot;,&quot;size&quot;:10,&quot;sizes&quot;:[]},&quot;gap_mobile&quot;:{&quot;unit&quot;:&quot;px&quot;,&quot;size&quot;:10,&quot;sizes&quot;:[]},&quot;link_to&quot;:&quot;file&quot;,&quot;overlay_background&quot;:&quot;yes&quot;,&quot;content_hover_animation&quot;:&quot;fade-in&quot;}\" data-widget_type=\"gallery.default\">\n\t\t\t\t<div class=\"elementor-widget-container\">\n\t\t\t\t\t\t\t<div class=\"elementor-gallery__container\">\n\t\t\t\t\t\t\t<a class=\"e-gallery-item elementor-gallery-item elementor-animated-content\" href=\"https:\/\/www.interninow.it\/wp-content\/uploads\/2025\/07\/VILLA-MARIA-Forte-dei-Marmi-STUDIO-B-ARCHITETTURA-INTERNI-NOW-Diego-Laurino-Photographer-12.jpg\" data-elementor-open-lightbox=\"yes\" data-elementor-lightbox-slideshow=\"9869d9b\" data-e-action-hash=\"#elementor-action%3Aaction%3Dlightbox%26settings%3DeyJpZCI6MzY0OTUsInVybCI6Imh0dHBzOlwvXC93d3cuaW50ZXJuaW5vdy5pdFwvd3AtY29udGVudFwvdXBsb2Fkc1wvMjAyNVwvMDdcL1ZJTExBLU1BUklBLUZvcnRlLWRlaS1NYXJtaS1TVFVESU8tQi1BUkNISVRFVFRVUkEtSU5URVJOSS1OT1ctRGllZ28tTGF1cmluby1QaG90b2dyYXBoZXItMTIuanBnIiwic2xpZGVzaG93IjoiOTg2OWQ5YiJ9\">\n\t\t\t\t\t<div class=\"e-gallery-image elementor-gallery-item__image\" data-thumbnail=\"https:\/\/www.interninow.it\/wp-content\/uploads\/2025\/07\/VILLA-MARIA-Forte-dei-Marmi-STUDIO-B-ARCHITETTURA-INTERNI-NOW-Diego-Laurino-Photographer-12.jpg\" data-width=\"1300\" data-height=\"867\" aria-label=\"\" role=\"img\" ><\/div>\n\t\t\t\t\t\t\t\t\t\t\t<div class=\"elementor-gallery-item__overlay\"><\/div>\n\t\t\t\t\t\t\t\t\t\t\t\t\t\t<\/a>\n\t\t\t\t\t\t\t<a class=\"e-gallery-item elementor-gallery-item elementor-animated-content\" href=\"https:\/\/www.interninow.it\/wp-content\/uploads\/2025\/07\/VILLA-MARIA-Forte-dei-Marmi-STUDIO-B-ARCHITETTURA-INTERNI-NOW-Diego-Laurino-Photographer-5.jpg\" data-elementor-open-lightbox=\"yes\" data-elementor-lightbox-slideshow=\"9869d9b\" data-e-action-hash=\"#elementor-action%3Aaction%3Dlightbox%26settings%3DeyJpZCI6MzY0OTMsInVybCI6Imh0dHBzOlwvXC93d3cuaW50ZXJuaW5vdy5pdFwvd3AtY29udGVudFwvdXBsb2Fkc1wvMjAyNVwvMDdcL1ZJTExBLU1BUklBLUZvcnRlLWRlaS1NYXJtaS1TVFVESU8tQi1BUkNISVRFVFRVUkEtSU5URVJOSS1OT1ctRGllZ28tTGF1cmluby1QaG90b2dyYXBoZXItNS5qcGciLCJzbGlkZXNob3ciOiI5ODY5ZDliIn0%3D\">\n\t\t\t\t\t<div class=\"e-gallery-image elementor-gallery-item__image\" data-thumbnail=\"https:\/\/www.interninow.it\/wp-content\/uploads\/2025\/07\/VILLA-MARIA-Forte-dei-Marmi-STUDIO-B-ARCHITETTURA-INTERNI-NOW-Diego-Laurino-Photographer-5.jpg\" data-width=\"0\" data-height=\"0\" aria-label=\"\" role=\"img\" ><\/div>\n\t\t\t\t\t\t\t\t\t\t\t<div class=\"elementor-gallery-item__overlay\"><\/div>\n\t\t\t\t\t\t\t\t\t\t\t\t\t\t<\/a>\n\t\t\t\t\t\t\t<a class=\"e-gallery-item elementor-gallery-item elementor-animated-content\" href=\"https:\/\/www.interninow.it\/wp-content\/uploads\/2025\/07\/VILLA-MARIA-Forte-dei-Marmi-STUDIO-B-ARCHITETTURA-INTERNI-NOW-Diego-Laurino-Photographer-4.jpg\" data-elementor-open-lightbox=\"yes\" data-elementor-lightbox-slideshow=\"9869d9b\" data-e-action-hash=\"#elementor-action%3Aaction%3Dlightbox%26settings%3DeyJpZCI6MzY0OTEsInVybCI6Imh0dHBzOlwvXC93d3cuaW50ZXJuaW5vdy5pdFwvd3AtY29udGVudFwvdXBsb2Fkc1wvMjAyNVwvMDdcL1ZJTExBLU1BUklBLUZvcnRlLWRlaS1NYXJtaS1TVFVESU8tQi1BUkNISVRFVFRVUkEtSU5URVJOSS1OT1ctRGllZ28tTGF1cmluby1QaG90b2dyYXBoZXItNC5qcGciLCJzbGlkZXNob3ciOiI5ODY5ZDliIn0%3D\">\n\t\t\t\t\t<div class=\"e-gallery-image elementor-gallery-item__image\" data-thumbnail=\"https:\/\/www.interninow.it\/wp-content\/uploads\/2025\/07\/VILLA-MARIA-Forte-dei-Marmi-STUDIO-B-ARCHITETTURA-INTERNI-NOW-Diego-Laurino-Photographer-4.jpg\" data-width=\"975\" data-height=\"1300\" aria-label=\"\" role=\"img\" ><\/div>\n\t\t\t\t\t\t\t\t\t\t\t<div class=\"elementor-gallery-item__overlay\"><\/div>\n\t\t\t\t\t\t\t\t\t\t\t\t\t\t<\/a>\n\t\t\t\t\t\t\t<a class=\"e-gallery-item elementor-gallery-item elementor-animated-content\" href=\"https:\/\/www.interninow.it\/wp-content\/uploads\/2018\/07\/VILLA-MARIA-Forte-dei-Marmi-STUDIO-B-ARCHITETTURA-INTERNI-NOW-Diego-Laurino-Photographer-18.jpg\" data-elementor-open-lightbox=\"yes\" data-elementor-lightbox-slideshow=\"9869d9b\" data-e-action-hash=\"#elementor-action%3Aaction%3Dlightbox%26settings%3DeyJpZCI6MzY2MTIsInVybCI6Imh0dHBzOlwvXC93d3cuaW50ZXJuaW5vdy5pdFwvd3AtY29udGVudFwvdXBsb2Fkc1wvMjAxOFwvMDdcL1ZJTExBLU1BUklBLUZvcnRlLWRlaS1NYXJtaS1TVFVESU8tQi1BUkNISVRFVFRVUkEtSU5URVJOSS1OT1ctRGllZ28tTGF1cmluby1QaG90b2dyYXBoZXItMTguanBnIiwic2xpZGVzaG93IjoiOTg2OWQ5YiJ9\">\n\t\t\t\t\t<div class=\"e-gallery-image elementor-gallery-item__image\" data-thumbnail=\"https:\/\/www.interninow.it\/wp-content\/uploads\/2018\/07\/VILLA-MARIA-Forte-dei-Marmi-STUDIO-B-ARCHITETTURA-INTERNI-NOW-Diego-Laurino-Photographer-18.jpg\" data-width=\"975\" data-height=\"1300\" aria-label=\"\" role=\"img\" ><\/div>\n\t\t\t\t\t\t\t\t\t\t\t<div class=\"elementor-gallery-item__overlay\"><\/div>\n\t\t\t\t\t\t\t\t\t\t\t\t\t\t<\/a>\n\t\t\t\t\t<\/div>\n\t\t\t\t\t<\/div>\n\t\t\t\t<\/div>\n\t\t\t\t<\/div>\n\t\t\t\t\t<\/div>\n\t\t\t\t<\/div>\n\t\t<div class=\"elementor-element elementor-element-ea7f1e4 e-flex e-con-boxed e-con e-parent\" data-id=\"ea7f1e4\" data-element_type=\"container\" data-e-type=\"container\">\n\t\t\t\t\t<div class=\"e-con-inner\">\n\t\t<div class=\"elementor-element elementor-element-5d21b62 e-con-full e-flex e-con e-child\" data-id=\"5d21b62\" data-element_type=\"container\" data-e-type=\"container\">\n\t\t\t\t<div class=\"elementor-element elementor-element-03c0bbf elementor-widget elementor-widget-text-editor\" data-id=\"03c0bbf\" data-element_type=\"widget\" data-e-type=\"widget\" data-widget_type=\"text-editor.default\">\n\t\t\t\t<div class=\"elementor-widget-container\">\n\t\t\t\t\t\t\t\t\t<p><em>Credits: Diego Laurino Photographer<\/em><\/p>\t\t\t\t\t\t\t\t<\/div>\n\t\t\t\t<\/div>\n\t\t\t\t<\/div>\n\t\t\t\t\t<\/div>\n\t\t\t\t<\/div>\n\t\t<div class=\"elementor-element elementor-element-f17ff61 e-grid e-con-boxed e-con e-parent\" data-id=\"f17ff61\" data-element_type=\"container\" data-e-type=\"container\">\n\t\t\t\t\t<div class=\"e-con-inner\">\n\t\t\t\t<div class=\"elementor-element elementor-element-93f53c4 elementor-widget__width-initial elementor-widget elementor-widget-heading\" data-id=\"93f53c4\" data-element_type=\"widget\" data-e-type=\"widget\" data-widget_type=\"heading.default\">\n\t\t\t\t<div class=\"elementor-widget-container\">\n\t\t\t\t\t<h2 class=\"elementor-heading-title elementor-size-default\">Il lusso da vivere al mare<\/h2>\t\t\t\t<\/div>\n\t\t\t\t<\/div>\n\t\t<div class=\"elementor-element elementor-element-3ab718b e-con-full e-flex e-con e-child\" data-id=\"3ab718b\" data-element_type=\"container\" data-e-type=\"container\">\n\t\t\t\t<div class=\"elementor-element elementor-element-a547681 elementor-widget elementor-widget-text-editor\" data-id=\"a547681\" data-element_type=\"widget\" data-e-type=\"widget\" data-widget_type=\"text-editor.default\">\n\t\t\t\t<div class=\"elementor-widget-container\">\n\t\t\t\t\t\t\t\t\t<p><span style=\"font-weight: 400;\"><strong>Mait\u00f2<\/strong> dal 1960 \u00e8 un&#8217;icona dell&#8217;ospitalit\u00e0 balneare a Forte dei Marmi. Il recente intervento, curato dall&#8217;architetto Michele Vitaloni (Vitaloni + Partners) in collaborazione con Interni now, ha trasformato lo stabilimento in un esempio di eleganza funzionale. Materiali originali, linee pulite e tecnologie innovative si armonizzano con i colori e le atmosfere del luogo. Dettagli come lettini che si trasformano in tavoli da pranzo, mosaici, vetri e tessuti customizzati, e l&#8217;uso di marmi del Sudamerica accostati a quelli locali, testimoniano un design che si adatta e si evolve, offrendo un&#8217;esperienza di benessere diffuso.    <\/span><\/p>\t\t\t\t\t\t\t\t<\/div>\n\t\t\t\t<\/div>\n\t\t\t\t<\/div>\n\t\t\t\t\t<\/div>\n\t\t\t\t<\/div>\n\t\t<div class=\"elementor-element elementor-element-416c8e2 e-grid e-con-boxed e-con e-parent\" data-id=\"416c8e2\" data-element_type=\"container\" data-e-type=\"container\">\n\t\t\t\t\t<div class=\"e-con-inner\">\n\t\t<div class=\"elementor-element elementor-element-5c6a488 e-con-full e-flex e-con e-child\" data-id=\"5c6a488\" data-element_type=\"container\" data-e-type=\"container\" data-settings=\"{&quot;background_background&quot;:&quot;classic&quot;}\">\n\t\t\t\t<div class=\"elementor-element elementor-element-87ab33c elementor-widget elementor-widget-gallery\" data-id=\"87ab33c\" data-element_type=\"widget\" data-e-type=\"widget\" data-settings=\"{&quot;columns&quot;:2,&quot;gap&quot;:{&quot;unit&quot;:&quot;px&quot;,&quot;size&quot;:20,&quot;sizes&quot;:[]},&quot;aspect_ratio&quot;:&quot;1:1&quot;,&quot;lazyload&quot;:&quot;yes&quot;,&quot;gallery_layout&quot;:&quot;grid&quot;,&quot;columns_tablet&quot;:2,&quot;columns_mobile&quot;:1,&quot;gap_laptop&quot;:{&quot;unit&quot;:&quot;px&quot;,&quot;size&quot;:10,&quot;sizes&quot;:[]},&quot;gap_tablet_extra&quot;:{&quot;unit&quot;:&quot;px&quot;,&quot;size&quot;:10,&quot;sizes&quot;:[]},&quot;gap_tablet&quot;:{&quot;unit&quot;:&quot;px&quot;,&quot;size&quot;:10,&quot;sizes&quot;:[]},&quot;gap_mobile_extra&quot;:{&quot;unit&quot;:&quot;px&quot;,&quot;size&quot;:10,&quot;sizes&quot;:[]},&quot;gap_mobile&quot;:{&quot;unit&quot;:&quot;px&quot;,&quot;size&quot;:10,&quot;sizes&quot;:[]},&quot;link_to&quot;:&quot;file&quot;,&quot;overlay_background&quot;:&quot;yes&quot;,&quot;content_hover_animation&quot;:&quot;fade-in&quot;}\" data-widget_type=\"gallery.default\">\n\t\t\t\t<div class=\"elementor-widget-container\">\n\t\t\t\t\t\t\t<div class=\"elementor-gallery__container\">\n\t\t\t\t\t\t\t<a class=\"e-gallery-item elementor-gallery-item elementor-animated-content\" href=\"https:\/\/www.interninow.it\/wp-content\/uploads\/2025\/07\/050A8923-copia.jpg\" data-elementor-open-lightbox=\"yes\" data-elementor-lightbox-slideshow=\"87ab33c\" data-e-action-hash=\"#elementor-action%3Aaction%3Dlightbox%26settings%3DeyJpZCI6MzY1MDksInVybCI6Imh0dHBzOlwvXC93d3cuaW50ZXJuaW5vdy5pdFwvd3AtY29udGVudFwvdXBsb2Fkc1wvMjAyNVwvMDdcLzA1MEE4OTIzLWNvcGlhLmpwZyIsInNsaWRlc2hvdyI6Ijg3YWIzM2MifQ%3D%3D\">\n\t\t\t\t\t<div class=\"e-gallery-image elementor-gallery-item__image\" data-thumbnail=\"https:\/\/www.interninow.it\/wp-content\/uploads\/2025\/07\/050A8923-copia.jpg\" data-width=\"1920\" data-height=\"1080\" aria-label=\"\" role=\"img\" ><\/div>\n\t\t\t\t\t\t\t\t\t\t\t<div class=\"elementor-gallery-item__overlay\"><\/div>\n\t\t\t\t\t\t\t\t\t\t\t\t\t\t<\/a>\n\t\t\t\t\t\t\t<a class=\"e-gallery-item elementor-gallery-item elementor-animated-content\" href=\"https:\/\/www.interninow.it\/wp-content\/uploads\/2018\/07\/gallery-maito-1.jpg\" data-elementor-open-lightbox=\"yes\" data-elementor-lightbox-slideshow=\"87ab33c\" data-e-action-hash=\"#elementor-action%3Aaction%3Dlightbox%26settings%3DeyJpZCI6MzY2MjAsInVybCI6Imh0dHBzOlwvXC93d3cuaW50ZXJuaW5vdy5pdFwvd3AtY29udGVudFwvdXBsb2Fkc1wvMjAxOFwvMDdcL2dhbGxlcnktbWFpdG8tMS5qcGciLCJzbGlkZXNob3ciOiI4N2FiMzNjIn0%3D\">\n\t\t\t\t\t<div class=\"e-gallery-image elementor-gallery-item__image\" data-thumbnail=\"https:\/\/www.interninow.it\/wp-content\/uploads\/2018\/07\/gallery-maito-1.jpg\" data-width=\"867\" data-height=\"1300\" aria-label=\"\" role=\"img\" ><\/div>\n\t\t\t\t\t\t\t\t\t\t\t<div class=\"elementor-gallery-item__overlay\"><\/div>\n\t\t\t\t\t\t\t\t\t\t\t\t\t\t<\/a>\n\t\t\t\t\t\t\t<a class=\"e-gallery-item elementor-gallery-item elementor-animated-content\" href=\"https:\/\/www.interninow.it\/wp-content\/uploads\/2018\/07\/gallery-maito-2.jpg\" data-elementor-open-lightbox=\"yes\" data-elementor-lightbox-slideshow=\"87ab33c\" data-e-action-hash=\"#elementor-action%3Aaction%3Dlightbox%26settings%3DeyJpZCI6MzY2MjIsInVybCI6Imh0dHBzOlwvXC93d3cuaW50ZXJuaW5vdy5pdFwvd3AtY29udGVudFwvdXBsb2Fkc1wvMjAxOFwvMDdcL2dhbGxlcnktbWFpdG8tMi5qcGciLCJzbGlkZXNob3ciOiI4N2FiMzNjIn0%3D\">\n\t\t\t\t\t<div class=\"e-gallery-image elementor-gallery-item__image\" data-thumbnail=\"https:\/\/www.interninow.it\/wp-content\/uploads\/2018\/07\/gallery-maito-2.jpg\" data-width=\"1300\" data-height=\"867\" aria-label=\"\" role=\"img\" ><\/div>\n\t\t\t\t\t\t\t\t\t\t\t<div class=\"elementor-gallery-item__overlay\"><\/div>\n\t\t\t\t\t\t\t\t\t\t\t\t\t\t<\/a>\n\t\t\t\t\t\t\t<a class=\"e-gallery-item elementor-gallery-item elementor-animated-content\" href=\"https:\/\/www.interninow.it\/wp-content\/uploads\/2018\/07\/gallery-maito-3.jpg\" data-elementor-open-lightbox=\"yes\" data-elementor-lightbox-slideshow=\"87ab33c\" data-e-action-hash=\"#elementor-action%3Aaction%3Dlightbox%26settings%3DeyJpZCI6MzY2MjQsInVybCI6Imh0dHBzOlwvXC93d3cuaW50ZXJuaW5vdy5pdFwvd3AtY29udGVudFwvdXBsb2Fkc1wvMjAxOFwvMDdcL2dhbGxlcnktbWFpdG8tMy5qcGciLCJzbGlkZXNob3ciOiI4N2FiMzNjIn0%3D\">\n\t\t\t\t\t<div class=\"e-gallery-image elementor-gallery-item__image\" data-thumbnail=\"https:\/\/www.interninow.it\/wp-content\/uploads\/2018\/07\/gallery-maito-3.jpg\" data-width=\"975\" data-height=\"1300\" aria-label=\"\" role=\"img\" ><\/div>\n\t\t\t\t\t\t\t\t\t\t\t<div class=\"elementor-gallery-item__overlay\"><\/div>\n\t\t\t\t\t\t\t\t\t\t\t\t\t\t<\/a>\n\t\t\t\t\t<\/div>\n\t\t\t\t\t<\/div>\n\t\t\t\t<\/div>\n\t\t\t\t<\/div>\n\t\t<div class=\"elementor-element elementor-element-30e7cf1 e-con-full e-flex e-con e-child\" data-id=\"30e7cf1\" data-element_type=\"container\" data-e-type=\"container\" data-settings=\"{&quot;background_background&quot;:&quot;classic&quot;}\">\n\t\t<div class=\"elementor-element elementor-element-23f334a e-con-full e-flex e-con e-child\" data-id=\"23f334a\" data-element_type=\"container\" data-e-type=\"container\">\n\t\t\t\t<div class=\"elementor-element elementor-element-020c3a2 elementor-widget elementor-widget-text-editor\" data-id=\"020c3a2\" data-element_type=\"widget\" data-e-type=\"widget\" data-widget_type=\"text-editor.default\">\n\t\t\t\t<div class=\"elementor-widget-container\">\n\t\t\t\t\t\t\t\t\t<p>Forte dei Marmi<\/p>\t\t\t\t\t\t\t\t<\/div>\n\t\t\t\t<\/div>\n\t\t\t\t<div class=\"elementor-element elementor-element-21b6c20 elementor-widget elementor-widget-heading\" data-id=\"21b6c20\" data-element_type=\"widget\" data-e-type=\"widget\" data-widget_type=\"heading.default\">\n\t\t\t\t<div class=\"elementor-widget-container\">\n\t\t\t\t\t<h3 class=\"elementor-heading-title elementor-size-default\">Mait\u00f2<\/h3>\t\t\t\t<\/div>\n\t\t\t\t<\/div>\n\t\t\t\t<\/div>\n\t\t\t\t<div class=\"elementor-element elementor-element-3a82d83 elementor-widget elementor-widget-button\" data-id=\"3a82d83\" data-element_type=\"widget\" data-e-type=\"widget\" data-widget_type=\"button.default\">\n\t\t\t\t<div class=\"elementor-widget-container\">\n\t\t\t\t\t\t\t\t\t<div class=\"elementor-button-wrapper\">\n\t\t\t\t\t<a class=\"elementor-button elementor-button-link elementor-size-sm\" href=\"https:\/\/www.interninow.it\/it\/progetti\/maito\/\">\n\t\t\t\t\t\t<span class=\"elementor-button-content-wrapper\">\n\t\t\t\t\t\t\t\t\t<span class=\"elementor-button-text\">Dettagli<\/span>\n\t\t\t\t\t<\/span>\n\t\t\t\t\t<\/a>\n\t\t\t\t<\/div>\n\t\t\t\t\t\t\t\t<\/div>\n\t\t\t\t<\/div>\n\t\t\t\t<\/div>\n\t\t\t\t\t<\/div>\n\t\t\t\t<\/div>\n\t\t<div class=\"elementor-element elementor-element-943705b e-flex e-con-boxed e-con e-parent\" data-id=\"943705b\" data-element_type=\"container\" data-e-type=\"container\">\n\t\t\t\t\t<div class=\"e-con-inner\">\n\t\t<div class=\"elementor-element elementor-element-7ffd1c9 e-con-full e-flex e-con e-child\" data-id=\"7ffd1c9\" data-element_type=\"container\" data-e-type=\"container\">\n\t\t\t\t<div class=\"elementor-element elementor-element-d642e27 elementor-widget elementor-widget-text-editor\" data-id=\"d642e27\" data-element_type=\"widget\" data-e-type=\"widget\" data-widget_type=\"text-editor.default\">\n\t\t\t\t<div class=\"elementor-widget-container\">\n\t\t\t\t\t\t\t\t\t<p><em>Credits: Diego Laurino Photographer<\/em><\/p>\t\t\t\t\t\t\t\t<\/div>\n\t\t\t\t<\/div>\n\t\t\t\t<\/div>\n\t\t\t\t\t<\/div>\n\t\t\t\t<\/div>\n\t\t<div class=\"elementor-element elementor-element-64b181c e-grid e-con-boxed e-con e-parent\" data-id=\"64b181c\" data-element_type=\"container\" data-e-type=\"container\">\n\t\t\t\t\t<div class=\"e-con-inner\">\n\t\t\t\t<div class=\"elementor-element elementor-element-ed58e2a elementor-widget__width-initial elementor-widget elementor-widget-heading\" data-id=\"ed58e2a\" data-element_type=\"widget\" data-e-type=\"widget\" data-widget_type=\"heading.default\">\n\t\t\t\t<div class=\"elementor-widget-container\">\n\t\t\t\t\t<h2 class=\"elementor-heading-title elementor-size-default\">Ospitalit\u00e0 e memoria: il castello contemporaneo<\/h2>\t\t\t\t<\/div>\n\t\t\t\t<\/div>\n\t\t<div class=\"elementor-element elementor-element-c88f088 e-con-full e-flex e-con e-child\" data-id=\"c88f088\" data-element_type=\"container\" data-e-type=\"container\">\n\t\t\t\t<div class=\"elementor-element elementor-element-c32df5c elementor-widget elementor-widget-text-editor\" data-id=\"c32df5c\" data-element_type=\"widget\" data-e-type=\"widget\" data-widget_type=\"text-editor.default\">\n\t\t\t\t<div class=\"elementor-widget-container\">\n\t\t\t\t\t\t\t\t\t<p><span style=\"font-weight: 400;\">Il <strong>relais Castello San Gaudenzio<\/strong> rilegge il concetto di ospitalit\u00e0 storica con un tocco contemporaneo, restituendo vita a un luogo carico di storia. L\u2019intervento si sviluppa attraverso l\u2019inserimento di elementi di design senza tempo con particolare attenzione \u00e8 riservata agli spazi esterni. In questi spazi gli arredi outdoor firmati B&amp;B Italia definiscono aree di relax sofisticate e accoglienti. Le finiture selezionate dialogano in perfetta armonia cromatica con la natura circostante, creando un continuum tra architettura e paesaggio che amplifica la sensazione di equilibrio e quiete.    <\/span><\/p>\t\t\t\t\t\t\t\t<\/div>\n\t\t\t\t<\/div>\n\t\t\t\t<\/div>\n\t\t\t\t\t<\/div>\n\t\t\t\t<\/div>\n\t\t<div class=\"elementor-element elementor-element-c028c0e e-grid e-con-boxed e-con e-parent\" data-id=\"c028c0e\" data-element_type=\"container\" data-e-type=\"container\">\n\t\t\t\t\t<div class=\"e-con-inner\">\n\t\t<div class=\"elementor-element elementor-element-b228e1b e-con-full e-flex e-con e-child\" data-id=\"b228e1b\" data-element_type=\"container\" data-e-type=\"container\" data-settings=\"{&quot;background_background&quot;:&quot;classic&quot;}\">\n\t\t<div class=\"elementor-element elementor-element-e7b7952 e-con-full e-flex e-con e-child\" data-id=\"e7b7952\" data-element_type=\"container\" data-e-type=\"container\">\n\t\t\t\t<div class=\"elementor-element elementor-element-2f9e16f elementor-widget elementor-widget-text-editor\" data-id=\"2f9e16f\" data-element_type=\"widget\" data-e-type=\"widget\" data-widget_type=\"text-editor.default\">\n\t\t\t\t<div class=\"elementor-widget-container\">\n\t\t\t\t\t\t\t\t\t<p>Cervesina (PV)<\/p>\t\t\t\t\t\t\t\t<\/div>\n\t\t\t\t<\/div>\n\t\t\t\t<div class=\"elementor-element elementor-element-ae8890c elementor-widget elementor-widget-heading\" data-id=\"ae8890c\" data-element_type=\"widget\" data-e-type=\"widget\" data-widget_type=\"heading.default\">\n\t\t\t\t<div class=\"elementor-widget-container\">\n\t\t\t\t\t<h3 class=\"elementor-heading-title elementor-size-default\">Castello San Gaudenzio<\/h3>\t\t\t\t<\/div>\n\t\t\t\t<\/div>\n\t\t\t\t<\/div>\n\t\t\t\t<\/div>\n\t\t<div class=\"elementor-element elementor-element-4fa569b e-con-full e-flex e-con e-child\" data-id=\"4fa569b\" data-element_type=\"container\" data-e-type=\"container\" data-settings=\"{&quot;background_background&quot;:&quot;classic&quot;}\">\n\t\t\t\t<div class=\"elementor-element elementor-element-885251f elementor-widget elementor-widget-gallery\" data-id=\"885251f\" data-element_type=\"widget\" data-e-type=\"widget\" data-settings=\"{&quot;columns&quot;:2,&quot;gap&quot;:{&quot;unit&quot;:&quot;px&quot;,&quot;size&quot;:20,&quot;sizes&quot;:[]},&quot;aspect_ratio&quot;:&quot;1:1&quot;,&quot;lazyload&quot;:&quot;yes&quot;,&quot;gallery_layout&quot;:&quot;grid&quot;,&quot;columns_tablet&quot;:2,&quot;columns_mobile&quot;:1,&quot;gap_laptop&quot;:{&quot;unit&quot;:&quot;px&quot;,&quot;size&quot;:10,&quot;sizes&quot;:[]},&quot;gap_tablet_extra&quot;:{&quot;unit&quot;:&quot;px&quot;,&quot;size&quot;:10,&quot;sizes&quot;:[]},&quot;gap_tablet&quot;:{&quot;unit&quot;:&quot;px&quot;,&quot;size&quot;:10,&quot;sizes&quot;:[]},&quot;gap_mobile_extra&quot;:{&quot;unit&quot;:&quot;px&quot;,&quot;size&quot;:10,&quot;sizes&quot;:[]},&quot;gap_mobile&quot;:{&quot;unit&quot;:&quot;px&quot;,&quot;size&quot;:10,&quot;sizes&quot;:[]},&quot;link_to&quot;:&quot;file&quot;,&quot;overlay_background&quot;:&quot;yes&quot;,&quot;content_hover_animation&quot;:&quot;fade-in&quot;}\" data-widget_type=\"gallery.default\">\n\t\t\t\t<div class=\"elementor-widget-container\">\n\t\t\t\t\t\t\t<div class=\"elementor-gallery__container\">\n\t\t\t\t\t\t\t<a class=\"e-gallery-item elementor-gallery-item elementor-animated-content\" href=\"https:\/\/www.interninow.it\/wp-content\/uploads\/2018\/07\/progetto-relais-san-gaudenzio-4.jpg\" data-elementor-open-lightbox=\"yes\" data-elementor-lightbox-slideshow=\"885251f\" data-e-action-hash=\"#elementor-action%3Aaction%3Dlightbox%26settings%3DeyJpZCI6MzY2NTYsInVybCI6Imh0dHBzOlwvXC93d3cuaW50ZXJuaW5vdy5pdFwvd3AtY29udGVudFwvdXBsb2Fkc1wvMjAxOFwvMDdcL3Byb2dldHRvLXJlbGFpcy1zYW4tZ2F1ZGVuemlvLTQuanBnIiwic2xpZGVzaG93IjoiODg1MjUxZiJ9\">\n\t\t\t\t\t<div class=\"e-gallery-image elementor-gallery-item__image\" data-thumbnail=\"https:\/\/www.interninow.it\/wp-content\/uploads\/2018\/07\/progetto-relais-san-gaudenzio-4.jpg\" data-width=\"1040\" data-height=\"1300\" aria-label=\"\" role=\"img\" ><\/div>\n\t\t\t\t\t\t\t\t\t\t\t<div class=\"elementor-gallery-item__overlay\"><\/div>\n\t\t\t\t\t\t\t\t\t\t\t\t\t\t<\/a>\n\t\t\t\t\t\t\t<a class=\"e-gallery-item elementor-gallery-item elementor-animated-content\" href=\"https:\/\/www.interninow.it\/wp-content\/uploads\/2018\/07\/progetto-relais-san-gaudenzio-1.jpg\" data-elementor-open-lightbox=\"yes\" data-elementor-lightbox-slideshow=\"885251f\" data-e-action-hash=\"#elementor-action%3Aaction%3Dlightbox%26settings%3DeyJpZCI6MzY2NTAsInVybCI6Imh0dHBzOlwvXC93d3cuaW50ZXJuaW5vdy5pdFwvd3AtY29udGVudFwvdXBsb2Fkc1wvMjAxOFwvMDdcL3Byb2dldHRvLXJlbGFpcy1zYW4tZ2F1ZGVuemlvLTEuanBnIiwic2xpZGVzaG93IjoiODg1MjUxZiJ9\">\n\t\t\t\t\t<div class=\"e-gallery-image elementor-gallery-item__image\" data-thumbnail=\"https:\/\/www.interninow.it\/wp-content\/uploads\/2018\/07\/progetto-relais-san-gaudenzio-1.jpg\" data-width=\"1040\" data-height=\"1300\" aria-label=\"\" role=\"img\" ><\/div>\n\t\t\t\t\t\t\t\t\t\t\t<div class=\"elementor-gallery-item__overlay\"><\/div>\n\t\t\t\t\t\t\t\t\t\t\t\t\t\t<\/a>\n\t\t\t\t\t\t\t<a class=\"e-gallery-item elementor-gallery-item elementor-animated-content\" href=\"https:\/\/www.interninow.it\/wp-content\/uploads\/2018\/07\/progetto-relais-san-gaudenzio-3.jpg\" data-elementor-open-lightbox=\"yes\" data-elementor-lightbox-slideshow=\"885251f\" data-e-action-hash=\"#elementor-action%3Aaction%3Dlightbox%26settings%3DeyJpZCI6MzY2NTQsInVybCI6Imh0dHBzOlwvXC93d3cuaW50ZXJuaW5vdy5pdFwvd3AtY29udGVudFwvdXBsb2Fkc1wvMjAxOFwvMDdcL3Byb2dldHRvLXJlbGFpcy1zYW4tZ2F1ZGVuemlvLTMuanBnIiwic2xpZGVzaG93IjoiODg1MjUxZiJ9\">\n\t\t\t\t\t<div class=\"e-gallery-image elementor-gallery-item__image\" data-thumbnail=\"https:\/\/www.interninow.it\/wp-content\/uploads\/2018\/07\/progetto-relais-san-gaudenzio-3.jpg\" data-width=\"1040\" data-height=\"1300\" aria-label=\"\" role=\"img\" ><\/div>\n\t\t\t\t\t\t\t\t\t\t\t<div class=\"elementor-gallery-item__overlay\"><\/div>\n\t\t\t\t\t\t\t\t\t\t\t\t\t\t<\/a>\n\t\t\t\t\t\t\t<a class=\"e-gallery-item elementor-gallery-item elementor-animated-content\" href=\"https:\/\/www.interninow.it\/wp-content\/uploads\/2018\/07\/progetto-relais-san-gaudenzio-7.jpg\" data-elementor-open-lightbox=\"yes\" data-elementor-lightbox-slideshow=\"885251f\" data-e-action-hash=\"#elementor-action%3Aaction%3Dlightbox%26settings%3DeyJpZCI6MzY2NjIsInVybCI6Imh0dHBzOlwvXC93d3cuaW50ZXJuaW5vdy5pdFwvd3AtY29udGVudFwvdXBsb2Fkc1wvMjAxOFwvMDdcL3Byb2dldHRvLXJlbGFpcy1zYW4tZ2F1ZGVuemlvLTcuanBnIiwic2xpZGVzaG93IjoiODg1MjUxZiJ9\">\n\t\t\t\t\t<div class=\"e-gallery-image elementor-gallery-item__image\" data-thumbnail=\"https:\/\/www.interninow.it\/wp-content\/uploads\/2018\/07\/progetto-relais-san-gaudenzio-7.jpg\" data-width=\"1040\" data-height=\"1300\" aria-label=\"\" role=\"img\" ><\/div>\n\t\t\t\t\t\t\t\t\t\t\t<div class=\"elementor-gallery-item__overlay\"><\/div>\n\t\t\t\t\t\t\t\t\t\t\t\t\t\t<\/a>\n\t\t\t\t\t<\/div>\n\t\t\t\t\t<\/div>\n\t\t\t\t<\/div>\n\t\t\t\t<\/div>\n\t\t\t\t\t<\/div>\n\t\t\t\t<\/div>\n\t\t<div class=\"elementor-element elementor-element-9317e2b e-grid e-con-boxed e-con e-parent\" data-id=\"9317e2b\" data-element_type=\"container\" data-e-type=\"container\">\n\t\t\t\t\t<div class=\"e-con-inner\">\n\t\t\t\t<div class=\"elementor-element elementor-element-3f32ce3 elementor-widget__width-initial elementor-widget elementor-widget-heading\" data-id=\"3f32ce3\" data-element_type=\"widget\" data-e-type=\"widget\" data-widget_type=\"heading.default\">\n\t\t\t\t<div class=\"elementor-widget-container\">\n\t\t\t\t\t<h2 class=\"elementor-heading-title elementor-size-default\">Eleganza mediterranea<\/h2>\t\t\t\t<\/div>\n\t\t\t\t<\/div>\n\t\t<div class=\"elementor-element elementor-element-ae24be0 e-con-full e-flex e-con e-child\" data-id=\"ae24be0\" data-element_type=\"container\" data-e-type=\"container\">\n\t\t\t\t<div class=\"elementor-element elementor-element-4a18ddb elementor-widget elementor-widget-text-editor\" data-id=\"4a18ddb\" data-element_type=\"widget\" data-e-type=\"widget\" data-widget_type=\"text-editor.default\">\n\t\t\t\t<div class=\"elementor-widget-container\">\n\t\t\t\t\t\t\t\t\t<p><span style=\"font-weight: 400;\">Affacciata sul Golfo di Napoli, <strong>Villa O<\/strong> \u00e8 una residenza che celebra l&#8217;incontro tra artigianato italiano e architettura contemporanea. Realizzata in collaborazione con Luca Dini Design &amp; Architecture, la villa si distingue per un interior che fonde armoniosamente arte, materiali pregiati e dettagli su misura. Una lussuosa boiserie caratterizza le zone giorno e notte, mentre nei servizi si arricchisce di inserti in marmo, creando un filo conduttore elegante e raffinato. L&#8217;atmosfera \u00e8 quella di un&#8217;eleganza classica, arricchita da tocchi contemporanei e audaci, che dialoga con la luce naturale e il paesaggio circostante. Ogni ambiente \u00e8 pensato per offrire comfort e bellezza quotidiana, in un equilibrio perfetto tra tradizione e modernit\u00e0.    <\/span><\/p>\t\t\t\t\t\t\t\t<\/div>\n\t\t\t\t<\/div>\n\t\t\t\t<\/div>\n\t\t\t\t\t<\/div>\n\t\t\t\t<\/div>\n\t\t<div class=\"elementor-element elementor-element-7b433d9 e-grid e-con-boxed e-con e-parent\" data-id=\"7b433d9\" data-element_type=\"container\" data-e-type=\"container\">\n\t\t\t\t\t<div class=\"e-con-inner\">\n\t\t<div class=\"elementor-element elementor-element-cfa1b04 e-con-full e-flex e-con e-child\" data-id=\"cfa1b04\" data-element_type=\"container\" data-e-type=\"container\" data-settings=\"{&quot;background_background&quot;:&quot;classic&quot;}\">\n\t\t\t\t<div class=\"elementor-element elementor-element-9573c22 elementor-widget elementor-widget-gallery\" data-id=\"9573c22\" data-element_type=\"widget\" data-e-type=\"widget\" data-settings=\"{&quot;columns&quot;:2,&quot;gap&quot;:{&quot;unit&quot;:&quot;px&quot;,&quot;size&quot;:20,&quot;sizes&quot;:[]},&quot;aspect_ratio&quot;:&quot;1:1&quot;,&quot;lazyload&quot;:&quot;yes&quot;,&quot;gallery_layout&quot;:&quot;grid&quot;,&quot;columns_tablet&quot;:2,&quot;columns_mobile&quot;:1,&quot;gap_laptop&quot;:{&quot;unit&quot;:&quot;px&quot;,&quot;size&quot;:10,&quot;sizes&quot;:[]},&quot;gap_tablet_extra&quot;:{&quot;unit&quot;:&quot;px&quot;,&quot;size&quot;:10,&quot;sizes&quot;:[]},&quot;gap_tablet&quot;:{&quot;unit&quot;:&quot;px&quot;,&quot;size&quot;:10,&quot;sizes&quot;:[]},&quot;gap_mobile_extra&quot;:{&quot;unit&quot;:&quot;px&quot;,&quot;size&quot;:10,&quot;sizes&quot;:[]},&quot;gap_mobile&quot;:{&quot;unit&quot;:&quot;px&quot;,&quot;size&quot;:10,&quot;sizes&quot;:[]},&quot;link_to&quot;:&quot;file&quot;,&quot;overlay_background&quot;:&quot;yes&quot;,&quot;content_hover_animation&quot;:&quot;fade-in&quot;}\" data-widget_type=\"gallery.default\">\n\t\t\t\t<div class=\"elementor-widget-container\">\n\t\t\t\t\t\t\t<div class=\"elementor-gallery__container\">\n\t\t\t\t\t\t\t<a class=\"e-gallery-item elementor-gallery-item elementor-animated-content\" href=\"https:\/\/www.interninow.it\/wp-content\/uploads\/2018\/07\/gallery-villa-o-4.jpg\" data-elementor-open-lightbox=\"yes\" data-elementor-lightbox-slideshow=\"9573c22\" data-e-action-hash=\"#elementor-action%3Aaction%3Dlightbox%26settings%3DeyJpZCI6MzY2NDQsInVybCI6Imh0dHBzOlwvXC93d3cuaW50ZXJuaW5vdy5pdFwvd3AtY29udGVudFwvdXBsb2Fkc1wvMjAxOFwvMDdcL2dhbGxlcnktdmlsbGEtby00LmpwZyIsInNsaWRlc2hvdyI6Ijk1NzNjMjIifQ%3D%3D\">\n\t\t\t\t\t<div class=\"e-gallery-image elementor-gallery-item__image\" data-thumbnail=\"https:\/\/www.interninow.it\/wp-content\/uploads\/2018\/07\/gallery-villa-o-4.jpg\" data-width=\"1948\" data-height=\"1300\" aria-label=\"\" role=\"img\" ><\/div>\n\t\t\t\t\t\t\t\t\t\t\t<div class=\"elementor-gallery-item__overlay\"><\/div>\n\t\t\t\t\t\t\t\t\t\t\t\t\t\t<\/a>\n\t\t\t\t\t\t\t<a class=\"e-gallery-item elementor-gallery-item elementor-animated-content\" href=\"https:\/\/www.interninow.it\/wp-content\/uploads\/2018\/07\/gallery-villa-o-3.jpg\" data-elementor-open-lightbox=\"yes\" data-elementor-lightbox-slideshow=\"9573c22\" data-e-action-hash=\"#elementor-action%3Aaction%3Dlightbox%26settings%3DeyJpZCI6MzY2NDIsInVybCI6Imh0dHBzOlwvXC93d3cuaW50ZXJuaW5vdy5pdFwvd3AtY29udGVudFwvdXBsb2Fkc1wvMjAxOFwvMDdcL2dhbGxlcnktdmlsbGEtby0zLmpwZyIsInNsaWRlc2hvdyI6Ijk1NzNjMjIifQ%3D%3D\">\n\t\t\t\t\t<div class=\"e-gallery-image elementor-gallery-item__image\" data-thumbnail=\"https:\/\/www.interninow.it\/wp-content\/uploads\/2018\/07\/gallery-villa-o-3.jpg\" data-width=\"1300\" data-height=\"867\" aria-label=\"\" role=\"img\" ><\/div>\n\t\t\t\t\t\t\t\t\t\t\t<div class=\"elementor-gallery-item__overlay\"><\/div>\n\t\t\t\t\t\t\t\t\t\t\t\t\t\t<\/a>\n\t\t\t\t\t\t\t<a class=\"e-gallery-item elementor-gallery-item elementor-animated-content\" href=\"https:\/\/www.interninow.it\/wp-content\/uploads\/2025\/07\/villa-o-1.jpeg\" data-elementor-open-lightbox=\"yes\" data-elementor-lightbox-slideshow=\"9573c22\" data-e-action-hash=\"#elementor-action%3Aaction%3Dlightbox%26settings%3DeyJpZCI6MzY2OTMsInVybCI6Imh0dHBzOlwvXC93d3cuaW50ZXJuaW5vdy5pdFwvd3AtY29udGVudFwvdXBsb2Fkc1wvMjAyNVwvMDdcL3ZpbGxhLW8tMS5qcGVnIiwic2xpZGVzaG93IjoiOTU3M2MyMiJ9\">\n\t\t\t\t\t<div class=\"e-gallery-image elementor-gallery-item__image\" data-thumbnail=\"https:\/\/www.interninow.it\/wp-content\/uploads\/2025\/07\/villa-o-1.jpeg\" data-width=\"1600\" data-height=\"1069\" aria-label=\"Villa O\" role=\"img\" ><\/div>\n\t\t\t\t\t\t\t\t\t\t\t<div class=\"elementor-gallery-item__overlay\"><\/div>\n\t\t\t\t\t\t\t\t\t\t\t\t\t\t<\/a>\n\t\t\t\t\t\t\t<a class=\"e-gallery-item elementor-gallery-item elementor-animated-content\" href=\"https:\/\/www.interninow.it\/wp-content\/uploads\/2025\/07\/villa-o-2.jpeg\" data-elementor-open-lightbox=\"yes\" data-elementor-lightbox-slideshow=\"9573c22\" data-e-action-hash=\"#elementor-action%3Aaction%3Dlightbox%26settings%3DeyJpZCI6MzY2OTUsInVybCI6Imh0dHBzOlwvXC93d3cuaW50ZXJuaW5vdy5pdFwvd3AtY29udGVudFwvdXBsb2Fkc1wvMjAyNVwvMDdcL3ZpbGxhLW8tMi5qcGVnIiwic2xpZGVzaG93IjoiOTU3M2MyMiJ9\">\n\t\t\t\t\t<div class=\"e-gallery-image elementor-gallery-item__image\" data-thumbnail=\"https:\/\/www.interninow.it\/wp-content\/uploads\/2025\/07\/villa-o-2.jpeg\" data-width=\"1600\" data-height=\"1068\" aria-label=\"Villa O\" role=\"img\" ><\/div>\n\t\t\t\t\t\t\t\t\t\t\t<div class=\"elementor-gallery-item__overlay\"><\/div>\n\t\t\t\t\t\t\t\t\t\t\t\t\t\t<\/a>\n\t\t\t\t\t<\/div>\n\t\t\t\t\t<\/div>\n\t\t\t\t<\/div>\n\t\t\t\t<\/div>\n\t\t<div class=\"elementor-element elementor-element-bd289ad e-con-full e-flex e-con e-child\" data-id=\"bd289ad\" data-element_type=\"container\" data-e-type=\"container\" data-settings=\"{&quot;background_background&quot;:&quot;classic&quot;}\">\n\t\t<div class=\"elementor-element elementor-element-8790d28 e-con-full e-flex e-con e-child\" data-id=\"8790d28\" data-element_type=\"container\" data-e-type=\"container\">\n\t\t\t\t<div class=\"elementor-element elementor-element-c8eab9e elementor-widget elementor-widget-text-editor\" data-id=\"c8eab9e\" data-element_type=\"widget\" data-e-type=\"widget\" data-widget_type=\"text-editor.default\">\n\t\t\t\t<div class=\"elementor-widget-container\">\n\t\t\t\t\t\t\t\t\t<p>Posillipo<\/p>\t\t\t\t\t\t\t\t<\/div>\n\t\t\t\t<\/div>\n\t\t\t\t<div class=\"elementor-element elementor-element-a19bdbd elementor-widget elementor-widget-heading\" data-id=\"a19bdbd\" data-element_type=\"widget\" data-e-type=\"widget\" data-widget_type=\"heading.default\">\n\t\t\t\t<div class=\"elementor-widget-container\">\n\t\t\t\t\t<h3 class=\"elementor-heading-title elementor-size-default\">Villa O<\/h3>\t\t\t\t<\/div>\n\t\t\t\t<\/div>\n\t\t\t\t<\/div>\n\t\t\t\t<div class=\"elementor-element elementor-element-4a4a3c4 elementor-widget elementor-widget-button\" data-id=\"4a4a3c4\" data-element_type=\"widget\" data-e-type=\"widget\" data-widget_type=\"button.default\">\n\t\t\t\t<div class=\"elementor-widget-container\">\n\t\t\t\t\t\t\t\t\t<div class=\"elementor-button-wrapper\">\n\t\t\t\t\t<a class=\"elementor-button elementor-button-link elementor-size-sm\" href=\"https:\/\/www.interninow.it\/it\/progetti\/villa-o\/\">\n\t\t\t\t\t\t<span class=\"elementor-button-content-wrapper\">\n\t\t\t\t\t\t\t\t\t<span class=\"elementor-button-text\">Dettagli<\/span>\n\t\t\t\t\t<\/span>\n\t\t\t\t\t<\/a>\n\t\t\t\t<\/div>\n\t\t\t\t\t\t\t\t<\/div>\n\t\t\t\t<\/div>\n\t\t\t\t<\/div>\n\t\t\t\t\t<\/div>\n\t\t\t\t<\/div>\n\t\t<div class=\"elementor-element elementor-element-02d6b4b e-flex e-con-boxed e-con e-parent\" data-id=\"02d6b4b\" data-element_type=\"container\" data-e-type=\"container\">\n\t\t\t\t\t<div class=\"e-con-inner\">\n\t\t\t\t<div class=\"elementor-element elementor-element-7870e82 elementor-widget elementor-widget-text-editor\" data-id=\"7870e82\" data-element_type=\"widget\" data-e-type=\"widget\" data-widget_type=\"text-editor.default\">\n\t\t\t\t<div class=\"elementor-widget-container\">\n\t\t\t\t\t\t\t\t\t<p><span style=\"font-weight: 400;\">Quando il design ascolta la natura e si lascia guidare dal <\/span><i><span style=\"font-weight: 400;\">genius loci<\/span><\/i><span style=\"font-weight: 400;\">, nascono spazi autentici, capaci di emozionare e durare nel tempo. Estetica, funzione e profondo rispetto per il luogo sono questi i punti cardine per un progetto davvero unico ed esclusivo. <\/span><\/p>\t\t\t\t\t\t\t\t<\/div>\n\t\t\t\t<\/div>\n\t\t\t\t\t<\/div>\n\t\t\t\t<\/div>\n\t\t\t\t<\/div>\n\t\t","protected":false},"excerpt":{"rendered":"<p>Una nuova armonia tra architettura, interior design e paesaggio Nel mondo dell\u2019interior design contemporaneo, il dialogo tra design e natura non \u00e8 pi\u00f9 una tendenza, ma un valore imprescindibile. In un\u2019epoca che richiede consapevolezza ambientale e autenticit\u00e0 estetica, progettare significa innanzitutto ascoltare il contesto. \u00c8 in questa filosofia che Interni now trova la propria identit\u00e0 [&hellip;]<\/p>\n","protected":false},"author":44,"featured_media":36555,"comment_status":"open","ping_status":"closed","sticky":false,"template":"","format":"standard","meta":{"footnotes":""},"categories":[310],"tags":[689],"brand":[],"class_list":["post-36736","post","type-post","status-publish","format-standard","has-post-thumbnail","hentry","category-design-world-it","tag-2025-it"],"_links":{"self":[{"href":"https:\/\/www.interninow.it\/it\/wp-json\/wp\/v2\/posts\/36736","targetHints":{"allow":["GET"]}}],"collection":[{"href":"https:\/\/www.interninow.it\/it\/wp-json\/wp\/v2\/posts"}],"about":[{"href":"https:\/\/www.interninow.it\/it\/wp-json\/wp\/v2\/types\/post"}],"author":[{"embeddable":true,"href":"https:\/\/www.interninow.it\/it\/wp-json\/wp\/v2\/users\/44"}],"replies":[{"embeddable":true,"href":"https:\/\/www.interninow.it\/it\/wp-json\/wp\/v2\/comments?post=36736"}],"version-history":[{"count":0,"href":"https:\/\/www.interninow.it\/it\/wp-json\/wp\/v2\/posts\/36736\/revisions"}],"wp:featuredmedia":[{"embeddable":true,"href":"https:\/\/www.interninow.it\/it\/wp-json\/wp\/v2\/media\/36555"}],"wp:attachment":[{"href":"https:\/\/www.interninow.it\/it\/wp-json\/wp\/v2\/media?parent=36736"}],"wp:term":[{"taxonomy":"category","embeddable":true,"href":"https:\/\/www.interninow.it\/it\/wp-json\/wp\/v2\/categories?post=36736"},{"taxonomy":"post_tag","embeddable":true,"href":"https:\/\/www.interninow.it\/it\/wp-json\/wp\/v2\/tags?post=36736"},{"taxonomy":"brand","embeddable":true,"href":"https:\/\/www.interninow.it\/it\/wp-json\/wp\/v2\/brand?post=36736"}],"curies":[{"name":"wp","href":"https:\/\/api.w.org\/{rel}","templated":true}]}}