{"id":31741,"date":"2024-09-30T12:14:06","date_gmt":"2024-09-30T10:14:06","guid":{"rendered":"https:\/\/www.interninow.it\/?p=31741"},"modified":"2024-10-02T16:01:35","modified_gmt":"2024-10-02T14:01:35","slug":"autumn-design-trends-2024-il-tuo-rifugio-tra-stile-e-comfort","status":"publish","type":"post","link":"https:\/\/www.interninow.it\/it\/autumn-design-trends-2024-il-tuo-rifugio-tra-stile-e-comfort\/","title":{"rendered":"Autumn Design Trends 2024: il tuo rifugio tra stile e comfort"},"content":{"rendered":"\t\t<div data-elementor-type=\"wp-post\" data-elementor-id=\"31741\" class=\"elementor elementor-31741 elementor-31716\" data-elementor-post-type=\"post\">\n\t\t\t\t<div class=\"elementor-element elementor-element-4a82d7c e-flex e-con-boxed e-con e-parent\" data-id=\"4a82d7c\" data-element_type=\"container\" data-e-type=\"container\">\n\t\t\t\t\t<div class=\"e-con-inner\">\n\t\t\t\t<div class=\"elementor-element elementor-element-58f776c elementor-widget elementor-widget-global elementor-global-24056 elementor-widget-table-of-contents\" data-id=\"58f776c\" data-element_type=\"widget\" data-e-type=\"widget\" data-settings=\"{&quot;exclude_headings_by_selector&quot;:[],&quot;headings_by_tags&quot;:[&quot;h2&quot;,&quot;h3&quot;,&quot;h4&quot;,&quot;h5&quot;,&quot;h6&quot;],&quot;marker_view&quot;:&quot;numbers&quot;,&quot;no_headings_message&quot;:&quot;Non sono state trovate intestazioni in questa pagina.&quot;,&quot;hierarchical_view&quot;:&quot;yes&quot;,&quot;min_height&quot;:{&quot;unit&quot;:&quot;px&quot;,&quot;size&quot;:&quot;&quot;,&quot;sizes&quot;:[]},&quot;min_height_laptop&quot;:{&quot;unit&quot;:&quot;px&quot;,&quot;size&quot;:&quot;&quot;,&quot;sizes&quot;:[]},&quot;min_height_tablet_extra&quot;:{&quot;unit&quot;:&quot;px&quot;,&quot;size&quot;:&quot;&quot;,&quot;sizes&quot;:[]},&quot;min_height_tablet&quot;:{&quot;unit&quot;:&quot;px&quot;,&quot;size&quot;:&quot;&quot;,&quot;sizes&quot;:[]},&quot;min_height_mobile_extra&quot;:{&quot;unit&quot;:&quot;px&quot;,&quot;size&quot;:&quot;&quot;,&quot;sizes&quot;:[]},&quot;min_height_mobile&quot;:{&quot;unit&quot;:&quot;px&quot;,&quot;size&quot;:&quot;&quot;,&quot;sizes&quot;:[]}}\" data-widget_type=\"table-of-contents.default\">\n\t\t\t\t<div class=\"elementor-widget-container\">\n\t\t\t\t\t\t\t\t\t<div id=\"elementor-toc__58f776c\" class=\"elementor-toc__body\">\n\t\t\t<div class=\"elementor-toc__spinner-container\">\n\t\t\t\t<svg class=\"elementor-toc__spinner eicon-animation-spin e-font-icon-svg e-eicon-loading\" aria-hidden=\"true\" viewBox=\"0 0 1000 1000\" xmlns=\"http:\/\/www.w3.org\/2000\/svg\"><path d=\"M500 975V858C696 858 858 696 858 500S696 142 500 142 142 304 142 500H25C25 237 238 25 500 25S975 237 975 500 763 975 500 975Z\"><\/path><\/svg>\t\t\t<\/div>\n\t\t<\/div>\n\t\t\t\t\t\t<\/div>\n\t\t\t\t<\/div>\n\t\t\t\t<div class=\"elementor-element elementor-element-3307c3b elementor-widget elementor-widget-text-editor\" data-id=\"3307c3b\" data-element_type=\"widget\" data-e-type=\"widget\" data-widget_type=\"text-editor.default\">\n\t\t\t\t<div class=\"elementor-widget-container\">\n\t\t\t\t\t\t\t\t\t<p>L&#8217;autunno \u00e8 il momento in cui la natura si veste di tonalit\u00e0 calde e avvolgenti, e noi siamo qui per aiutarti a portare la stessa magia negli spazi domestici. Immergiti in un viaggio ispirazionale attraverso le tendenze e i nostri consigli che trasformeranno la tua casa in un rifugio di stile, comfort e bellezza. <\/p>\n<p>Lascia che questo autunno sia un&#8217;opportunit\u00e0 per reinventare il tuo spazio. Ogni tendenza \u00e8 un invito a esplorare nuove possibilit\u00e0, a creare un ambiente che ti faccia sentire al sicuro, ispirato e profondamente connesso con il mondo che ci circonda. <\/p>\n\t\t\t\t\t\t\t\t<\/div>\n\t\t\t\t<\/div>\n\t\t\t\t<div class=\"elementor-element elementor-element-1cc1d2b elementor-widget elementor-widget-heading\" data-id=\"1cc1d2b\" data-element_type=\"widget\" data-e-type=\"widget\" data-widget_type=\"heading.default\">\n\t\t\t\t<div class=\"elementor-widget-container\">\n\t\t\t\t\t<h2 class=\"elementor-heading-title elementor-size-default\">La Palette Design Autunnale del 2024<\/h2>\t\t\t\t<\/div>\n\t\t\t\t<\/div>\n\t\t\t\t<div class=\"elementor-element elementor-element-9c0499d elementor-widget elementor-widget-text-editor\" data-id=\"9c0499d\" data-element_type=\"widget\" data-e-type=\"widget\" data-widget_type=\"text-editor.default\">\n\t\t\t\t<div class=\"elementor-widget-container\">\n\t\t\t\t\t\t\t\t\t<p>L&#8217;autunno non \u00e8 solo una stagione, ma uno stato d&#8217;animo. Immagina le tonalit\u00e0 della terra che abbracciano ogni angolo della tua casa: il calore del color ruggine, la profondit\u00e0 del marrone cioccolato, la morbidezza del senape e la serenit\u00e0 del verde oliva. Questi colori non solo dipingono le pareti, ma creano un&#8217;atmosfera che avvolge chi vive lo spazio.  <\/p>\n<p>Un\u2019idea semplice ma interessante per creare un\u2019atmosfera calda e confortevole?<\/p>\n<p>Dipingere una parete con una ricca tonalit\u00e0 di terracotta e lasciare che il sole faccia il resto, illuminando gli spazi con un bagliore dorato e accogliente.<\/p>\n\t\t\t\t\t\t\t\t<\/div>\n\t\t\t\t<\/div>\n\t\t\t\t<div class=\"elementor-element elementor-element-9fdc8b0 elementor-widget elementor-widget-image\" data-id=\"9fdc8b0\" data-element_type=\"widget\" data-e-type=\"widget\" data-widget_type=\"image.default\">\n\t\t\t\t<div class=\"elementor-widget-container\">\n\t\t\t\t\t\t\t\t\t\t\t\t\t\t\t<img decoding=\"async\" width=\"1920\" height=\"853\" src=\"https:\/\/www.interninow.it\/wp-content\/uploads\/2024\/09\/Poltrona-Frau-Archibald-bed-1.jpg\" class=\"attachment-full size-full wp-image-31756\" alt=\"\" srcset=\"https:\/\/www.interninow.it\/wp-content\/uploads\/2024\/09\/Poltrona-Frau-Archibald-bed-1.jpg 1920w, https:\/\/www.interninow.it\/wp-content\/uploads\/2024\/09\/Poltrona-Frau-Archibald-bed-1-300x133.jpg 300w, https:\/\/www.interninow.it\/wp-content\/uploads\/2024\/09\/Poltrona-Frau-Archibald-bed-1-1024x455.jpg 1024w, https:\/\/www.interninow.it\/wp-content\/uploads\/2024\/09\/Poltrona-Frau-Archibald-bed-1-768x341.jpg 768w, https:\/\/www.interninow.it\/wp-content\/uploads\/2024\/09\/Poltrona-Frau-Archibald-bed-1-1536x682.jpg 1536w, https:\/\/www.interninow.it\/wp-content\/uploads\/2024\/09\/Poltrona-Frau-Archibald-bed-1-500x222.jpg 500w, https:\/\/www.interninow.it\/wp-content\/uploads\/2024\/09\/Poltrona-Frau-Archibald-bed-1-700x311.jpg 700w\" sizes=\"(max-width: 1920px) 100vw, 1920px\" title=\"\">\t\t\t\t\t\t\t\t\t\t\t\t\t\t\t<\/div>\n\t\t\t\t<\/div>\n\t\t\t\t<div class=\"elementor-element elementor-element-9f7abe9 elementor-widget elementor-widget-heading\" data-id=\"9f7abe9\" data-element_type=\"widget\" data-e-type=\"widget\" data-widget_type=\"heading.default\">\n\t\t\t\t<div class=\"elementor-widget-container\">\n\t\t\t\t\t<h2 class=\"elementor-heading-title elementor-size-default\">Portare la Natura all\u2019interno: Il Respiro del Design Biofilico<\/h2>\t\t\t\t<\/div>\n\t\t\t\t<\/div>\n\t\t\t\t<div class=\"elementor-element elementor-element-171f1aa elementor-widget elementor-widget-text-editor\" data-id=\"171f1aa\" data-element_type=\"widget\" data-e-type=\"widget\" data-widget_type=\"text-editor.default\">\n\t\t\t\t<div class=\"elementor-widget-container\">\n\t\t\t\t\t\t\t\t\t<p>L\u2019autunno \u00e8 una stagione che ci riconnette alla terra, e il design biofilico \u00e8 la celebrazione di questa unione. Porta il verde dentro casa, lascia che la natura diventi parte del tuo quotidiano. Le piante non sono solo decorazioni, ma esseri viventi che respirano, purificano l&#8217;aria e infondono serenit\u00e0.  <\/p>\n<p>Un angolo verde dove la luce filtra tra le foglie, un\u2019oasi di pace in cui ritrovare te stesso meditando o leggendo un buon libro.<\/p>\n<p>Crea un angolo lettura con una grande pianta da interno come una Monstera o un Ficus Lyrata, vasi di design e una chaise lounge avvolgente per rilassarti in un abbraccio Zen.<\/p>\n<p>Scopri i nostri consigli in merito nella parte finale dell\u2019articolo.<\/p>\n\t\t\t\t\t\t\t\t<\/div>\n\t\t\t\t<\/div>\n\t\t\t\t<div class=\"elementor-element elementor-element-55cab3e elementor-widget elementor-widget-image\" data-id=\"55cab3e\" data-element_type=\"widget\" data-e-type=\"widget\" data-widget_type=\"image.default\">\n\t\t\t\t<div class=\"elementor-widget-container\">\n\t\t\t\t\t\t\t\t\t\t\t\t\t\t\t<img decoding=\"async\" width=\"1440\" height=\"1029\" src=\"https:\/\/www.interninow.it\/wp-content\/uploads\/2024\/09\/Vitra-chaise-longue.jpg\" class=\"attachment-full size-full wp-image-31753\" alt=\"\" srcset=\"https:\/\/www.interninow.it\/wp-content\/uploads\/2024\/09\/Vitra-chaise-longue.jpg 1440w, https:\/\/www.interninow.it\/wp-content\/uploads\/2024\/09\/Vitra-chaise-longue-300x214.jpg 300w, https:\/\/www.interninow.it\/wp-content\/uploads\/2024\/09\/Vitra-chaise-longue-1024x732.jpg 1024w, https:\/\/www.interninow.it\/wp-content\/uploads\/2024\/09\/Vitra-chaise-longue-768x549.jpg 768w, https:\/\/www.interninow.it\/wp-content\/uploads\/2024\/09\/Vitra-chaise-longue-500x357.jpg 500w, https:\/\/www.interninow.it\/wp-content\/uploads\/2024\/09\/Vitra-chaise-longue-700x500.jpg 700w\" sizes=\"(max-width: 1440px) 100vw, 1440px\" title=\"\">\t\t\t\t\t\t\t\t\t\t\t\t\t\t\t<\/div>\n\t\t\t\t<\/div>\n\t\t<div class=\"elementor-element elementor-element-b7e0e58 e-grid e-con-full e-con e-child\" data-id=\"b7e0e58\" data-element_type=\"container\" data-e-type=\"container\">\n\t\t<div class=\"elementor-element elementor-element-9e64cac e-con-full e-flex e-con e-child\" data-id=\"9e64cac\" data-element_type=\"container\" data-e-type=\"container\">\n\t\t\t\t<div class=\"elementor-element elementor-element-f15359c elementor-widget elementor-widget-heading\" data-id=\"f15359c\" data-element_type=\"widget\" data-e-type=\"widget\" data-widget_type=\"heading.default\">\n\t\t\t\t<div class=\"elementor-widget-container\">\n\t\t\t\t\t<h2 class=\"elementor-heading-title elementor-size-default\">Minimalismo: L'Eleganza della Semplicit\u00e0<\/h2>\t\t\t\t<\/div>\n\t\t\t\t<\/div>\n\t\t\t\t<div class=\"elementor-element elementor-element-88b5db1 elementor-widget elementor-widget-text-editor\" data-id=\"88b5db1\" data-element_type=\"widget\" data-e-type=\"widget\" data-widget_type=\"text-editor.default\">\n\t\t\t\t<div class=\"elementor-widget-container\">\n\t\t\t\t\t\t\t\t\t<p>Il minimalismo non \u00e8 mai stato cos\u00ec intimo e rassicurante. Le linee pulite e l&#8217;essenzialit\u00e0 si sposano con materiali caldi e invitanti, creando spazi dove la mente pu\u00f2 rilassarsi e sentirsi a casa. <\/p>\n<p>Il legno grezzo, il lino naturale, e una palette di toni neutri creano ambienti che sono un inno alla semplicit\u00e0, ma con un\u2019anima profonda e accogliente. Rendi il tuo divano pi\u00f9 accogliente con coperte in lana e cuscini decorativi che avvolgono e donano un tocco di colore. <\/p>\n<p><span style=\"font-weight: 400;\">Arredi dalle linee semplici incontrano tessuti ricchi, creando un gioco di contrasti che parla di eleganza non forzata.<\/span><\/p>\n\t\t\t\t\t\t\t\t<\/div>\n\t\t\t\t<\/div>\n\t\t\t\t<\/div>\n\t\t\t\t<div class=\"elementor-element elementor-element-47a8a0e elementor-widget elementor-widget-image\" data-id=\"47a8a0e\" data-element_type=\"widget\" data-e-type=\"widget\" data-widget_type=\"image.default\">\n\t\t\t\t<div class=\"elementor-widget-container\">\n\t\t\t\t\t\t\t\t\t\t\t\t\t\t\t<img decoding=\"async\" width=\"1200\" height=\"1200\" src=\"https:\/\/www.interninow.it\/wp-content\/uploads\/2024\/09\/CASSINA_Capitol-Complex-Armchair.jpg\" class=\"attachment-full size-full wp-image-31758\" alt=\"\" srcset=\"https:\/\/www.interninow.it\/wp-content\/uploads\/2024\/09\/CASSINA_Capitol-Complex-Armchair.jpg 1200w, https:\/\/www.interninow.it\/wp-content\/uploads\/2024\/09\/CASSINA_Capitol-Complex-Armchair-300x300.jpg 300w, https:\/\/www.interninow.it\/wp-content\/uploads\/2024\/09\/CASSINA_Capitol-Complex-Armchair-1024x1024.jpg 1024w, https:\/\/www.interninow.it\/wp-content\/uploads\/2024\/09\/CASSINA_Capitol-Complex-Armchair-150x150.jpg 150w, https:\/\/www.interninow.it\/wp-content\/uploads\/2024\/09\/CASSINA_Capitol-Complex-Armchair-768x768.jpg 768w, https:\/\/www.interninow.it\/wp-content\/uploads\/2024\/09\/CASSINA_Capitol-Complex-Armchair-500x500.jpg 500w, https:\/\/www.interninow.it\/wp-content\/uploads\/2024\/09\/CASSINA_Capitol-Complex-Armchair-700x700.jpg 700w, https:\/\/www.interninow.it\/wp-content\/uploads\/2024\/09\/CASSINA_Capitol-Complex-Armchair-100x100.jpg 100w\" sizes=\"(max-width: 1200px) 100vw, 1200px\" title=\"\">\t\t\t\t\t\t\t\t\t\t\t\t\t\t\t<\/div>\n\t\t\t\t<\/div>\n\t\t\t\t<\/div>\n\t\t<div class=\"elementor-element elementor-element-b2b292e e-grid e-con-full e-con e-child\" data-id=\"b2b292e\" data-element_type=\"container\" data-e-type=\"container\">\n\t\t\t\t<div class=\"elementor-element elementor-element-a0cab65 elementor-widget elementor-widget-image\" data-id=\"a0cab65\" data-element_type=\"widget\" data-e-type=\"widget\" data-widget_type=\"image.default\">\n\t\t\t\t<div class=\"elementor-widget-container\">\n\t\t\t\t\t\t\t\t\t\t\t\t\t\t\t<img decoding=\"async\" width=\"1141\" height=\"1600\" src=\"https:\/\/www.interninow.it\/wp-content\/uploads\/2024\/09\/setting-claire-vos-amsterdam-brandstore-2022-1.jpg\" class=\"attachment-full size-full wp-image-31760\" alt=\"\" srcset=\"https:\/\/www.interninow.it\/wp-content\/uploads\/2024\/09\/setting-claire-vos-amsterdam-brandstore-2022-1.jpg 1141w, https:\/\/www.interninow.it\/wp-content\/uploads\/2024\/09\/setting-claire-vos-amsterdam-brandstore-2022-1-214x300.jpg 214w, https:\/\/www.interninow.it\/wp-content\/uploads\/2024\/09\/setting-claire-vos-amsterdam-brandstore-2022-1-730x1024.jpg 730w, https:\/\/www.interninow.it\/wp-content\/uploads\/2024\/09\/setting-claire-vos-amsterdam-brandstore-2022-1-768x1077.jpg 768w, https:\/\/www.interninow.it\/wp-content\/uploads\/2024\/09\/setting-claire-vos-amsterdam-brandstore-2022-1-1095x1536.jpg 1095w, https:\/\/www.interninow.it\/wp-content\/uploads\/2024\/09\/setting-claire-vos-amsterdam-brandstore-2022-1-500x701.jpg 500w, https:\/\/www.interninow.it\/wp-content\/uploads\/2024\/09\/setting-claire-vos-amsterdam-brandstore-2022-1-700x982.jpg 700w\" sizes=\"(max-width: 1141px) 100vw, 1141px\" title=\"\">\t\t\t\t\t\t\t\t\t\t\t\t\t\t\t<\/div>\n\t\t\t\t<\/div>\n\t\t<div class=\"elementor-element elementor-element-7ca3e74 e-con-full e-flex e-con e-child\" data-id=\"7ca3e74\" data-element_type=\"container\" data-e-type=\"container\">\n\t\t\t\t<div class=\"elementor-element elementor-element-4535fb1 elementor-widget elementor-widget-heading\" data-id=\"4535fb1\" data-element_type=\"widget\" data-e-type=\"widget\" data-widget_type=\"heading.default\">\n\t\t\t\t<div class=\"elementor-widget-container\">\n\t\t\t\t\t<h2 class=\"elementor-heading-title elementor-size-default\">Il Fascino del Tempo: Icone intramontabili<\/h2>\t\t\t\t<\/div>\n\t\t\t\t<\/div>\n\t\t\t\t<div class=\"elementor-element elementor-element-6715d6f elementor-widget elementor-widget-text-editor\" data-id=\"6715d6f\" data-element_type=\"widget\" data-e-type=\"widget\" data-widget_type=\"text-editor.default\">\n\t\t\t\t<div class=\"elementor-widget-container\">\n\t\t\t\t\t\t\t\t\t<p>L\u2019autunno \u00e8 una stagione di nostalgia, un momento in cui il passato sembra pi\u00f9 vicino. Gli elementi iconici del passato riportano in vita ricordi e atmosfere che scaldano il cuore. Ogni pezzo diventa un viaggio nel passato, un modo per vivere il presente con un tocco di storia dal fascino senza tempo.   <\/p>\n<p>Ad esempio, abbina un divano contemporaneo con un lampadario di cristallo vintage e lascia che la tua casa parli di epoche diverse, creando un dialogo tra passato e presente.<\/p>\n\t\t\t\t\t\t\t\t<\/div>\n\t\t\t\t<\/div>\n\t\t\t\t<\/div>\n\t\t\t\t<\/div>\n\t\t\t\t<div class=\"elementor-element elementor-element-1b37c6a elementor-widget elementor-widget-spacer\" data-id=\"1b37c6a\" data-element_type=\"widget\" data-e-type=\"widget\" data-widget_type=\"spacer.default\">\n\t\t\t\t<div class=\"elementor-widget-container\">\n\t\t\t\t\t\t\t<div class=\"elementor-spacer\">\n\t\t\t<div class=\"elementor-spacer-inner\"><\/div>\n\t\t<\/div>\n\t\t\t\t\t\t<\/div>\n\t\t\t\t<\/div>\n\t\t\t\t<div class=\"elementor-element elementor-element-5c514ae elementor-widget elementor-widget-heading\" data-id=\"5c514ae\" data-element_type=\"widget\" data-e-type=\"widget\" data-widget_type=\"heading.default\">\n\t\t\t\t<div class=\"elementor-widget-container\">\n\t\t\t\t\t<h3 class=\"elementor-heading-title elementor-size-default\">Per concludere di seguito indichiamo i nostri arredi \u201cmust have\u201d di tendenza per l\u2019autunno 2024:<\/h3>\t\t\t\t<\/div>\n\t\t\t\t<\/div>\n\t\t<div class=\"elementor-element elementor-element-d48ef51 e-grid e-con-full e-con e-child\" data-id=\"d48ef51\" data-element_type=\"container\" data-e-type=\"container\">\n\t\t<div class=\"elementor-element elementor-element-fd5605f e-con-full e-flex e-con e-child\" data-id=\"fd5605f\" data-element_type=\"container\" data-e-type=\"container\">\n\t\t\t\t<div class=\"elementor-element elementor-element-9720916 elementor-widget elementor-widget-image\" data-id=\"9720916\" data-element_type=\"widget\" data-e-type=\"widget\" data-widget_type=\"image.default\">\n\t\t\t\t<div class=\"elementor-widget-container\">\n\t\t\t\t\t\t\t\t\t\t\t\t\t\t\t<img decoding=\"async\" width=\"800\" height=\"800\" src=\"https:\/\/www.interninow.it\/wp-content\/uploads\/2024\/09\/7.-MUST-HAVE-Vitra-Eames-chaise-lounge-special-ed-1024x1024.jpg\" class=\"attachment-large size-large wp-image-31827\" alt=\"\" srcset=\"https:\/\/www.interninow.it\/wp-content\/uploads\/2024\/09\/7.-MUST-HAVE-Vitra-Eames-chaise-lounge-special-ed-1024x1024.jpg 1024w, https:\/\/www.interninow.it\/wp-content\/uploads\/2024\/09\/7.-MUST-HAVE-Vitra-Eames-chaise-lounge-special-ed-300x300.jpg 300w, https:\/\/www.interninow.it\/wp-content\/uploads\/2024\/09\/7.-MUST-HAVE-Vitra-Eames-chaise-lounge-special-ed-150x150.jpg 150w, https:\/\/www.interninow.it\/wp-content\/uploads\/2024\/09\/7.-MUST-HAVE-Vitra-Eames-chaise-lounge-special-ed-768x768.jpg 768w, https:\/\/www.interninow.it\/wp-content\/uploads\/2024\/09\/7.-MUST-HAVE-Vitra-Eames-chaise-lounge-special-ed-1536x1536.jpg 1536w, https:\/\/www.interninow.it\/wp-content\/uploads\/2024\/09\/7.-MUST-HAVE-Vitra-Eames-chaise-lounge-special-ed-500x500.jpg 500w, https:\/\/www.interninow.it\/wp-content\/uploads\/2024\/09\/7.-MUST-HAVE-Vitra-Eames-chaise-lounge-special-ed-700x700.jpg 700w, https:\/\/www.interninow.it\/wp-content\/uploads\/2024\/09\/7.-MUST-HAVE-Vitra-Eames-chaise-lounge-special-ed-100x100.jpg 100w, https:\/\/www.interninow.it\/wp-content\/uploads\/2024\/09\/7.-MUST-HAVE-Vitra-Eames-chaise-lounge-special-ed.jpg 1600w\" sizes=\"(max-width: 800px) 100vw, 800px\" title=\"\">\t\t\t\t\t\t\t\t\t\t\t\t\t\t\t<\/div>\n\t\t\t\t<\/div>\n\t\t\t\t<div class=\"elementor-element elementor-element-be78453 elementor-widget elementor-widget-heading\" data-id=\"be78453\" data-element_type=\"widget\" data-e-type=\"widget\" data-widget_type=\"heading.default\">\n\t\t\t\t<div class=\"elementor-widget-container\">\n\t\t\t\t\t<h4 class=\"elementor-heading-title elementor-size-default\">Vitra Lounge Chair  Ottoman - Charles Ray Eames<\/h4>\t\t\t\t<\/div>\n\t\t\t\t<\/div>\n\t\t\t\t<\/div>\n\t\t<div class=\"elementor-element elementor-element-7154bff e-con-full e-flex e-con e-child\" data-id=\"7154bff\" data-element_type=\"container\" data-e-type=\"container\">\n\t\t\t\t<div class=\"elementor-element elementor-element-a88bc6b elementor-widget elementor-widget-image\" data-id=\"a88bc6b\" data-element_type=\"widget\" data-e-type=\"widget\" data-widget_type=\"image.default\">\n\t\t\t\t<div class=\"elementor-widget-container\">\n\t\t\t\t\t\t\t\t\t\t\t\t\t\t\t<img decoding=\"async\" width=\"800\" height=\"800\" src=\"https:\/\/www.interninow.it\/wp-content\/uploads\/2024\/09\/Edra-Chiara-Armchair-2.jpg\" class=\"attachment-large size-large wp-image-31732\" alt=\"\" srcset=\"https:\/\/www.interninow.it\/wp-content\/uploads\/2024\/09\/Edra-Chiara-Armchair-2.jpg 1000w, https:\/\/www.interninow.it\/wp-content\/uploads\/2024\/09\/Edra-Chiara-Armchair-2-300x300.jpg 300w, https:\/\/www.interninow.it\/wp-content\/uploads\/2024\/09\/Edra-Chiara-Armchair-2-150x150.jpg 150w, https:\/\/www.interninow.it\/wp-content\/uploads\/2024\/09\/Edra-Chiara-Armchair-2-768x768.jpg 768w, https:\/\/www.interninow.it\/wp-content\/uploads\/2024\/09\/Edra-Chiara-Armchair-2-500x500.jpg 500w, https:\/\/www.interninow.it\/wp-content\/uploads\/2024\/09\/Edra-Chiara-Armchair-2-700x700.jpg 700w, https:\/\/www.interninow.it\/wp-content\/uploads\/2024\/09\/Edra-Chiara-Armchair-2-100x100.jpg 100w\" sizes=\"(max-width: 800px) 100vw, 800px\" title=\"\">\t\t\t\t\t\t\t\t\t\t\t\t\t\t\t<\/div>\n\t\t\t\t<\/div>\n\t\t\t\t<div class=\"elementor-element elementor-element-4f6bee9 elementor-widget elementor-widget-heading\" data-id=\"4f6bee9\" data-element_type=\"widget\" data-e-type=\"widget\" data-widget_type=\"heading.default\">\n\t\t\t\t<div class=\"elementor-widget-container\">\n\t\t\t\t\t<h4 class=\"elementor-heading-title elementor-size-default\">Edra Poltrona Chiara <\/h4>\t\t\t\t<\/div>\n\t\t\t\t<\/div>\n\t\t\t\t<\/div>\n\t\t<div class=\"elementor-element elementor-element-31f970a e-con-full e-flex e-con e-child\" data-id=\"31f970a\" data-element_type=\"container\" data-e-type=\"container\">\n\t\t\t\t<div class=\"elementor-element elementor-element-06e9f7b elementor-widget elementor-widget-image\" data-id=\"06e9f7b\" data-element_type=\"widget\" data-e-type=\"widget\" data-widget_type=\"image.default\">\n\t\t\t\t<div class=\"elementor-widget-container\">\n\t\t\t\t\t\t\t\t\t\t\t\t\t\t\t<img decoding=\"async\" width=\"800\" height=\"800\" src=\"https:\/\/www.interninow.it\/wp-content\/uploads\/2024\/09\/Cassina-Bramante-storage-unit-1024x1024.jpg\" class=\"attachment-large size-large wp-image-31726\" alt=\"\" srcset=\"https:\/\/www.interninow.it\/wp-content\/uploads\/2024\/09\/Cassina-Bramante-storage-unit-1024x1024.jpg 1024w, https:\/\/www.interninow.it\/wp-content\/uploads\/2024\/09\/Cassina-Bramante-storage-unit-300x300.jpg 300w, https:\/\/www.interninow.it\/wp-content\/uploads\/2024\/09\/Cassina-Bramante-storage-unit-150x150.jpg 150w, https:\/\/www.interninow.it\/wp-content\/uploads\/2024\/09\/Cassina-Bramante-storage-unit-768x768.jpg 768w, https:\/\/www.interninow.it\/wp-content\/uploads\/2024\/09\/Cassina-Bramante-storage-unit-500x500.jpg 500w, https:\/\/www.interninow.it\/wp-content\/uploads\/2024\/09\/Cassina-Bramante-storage-unit-700x700.jpg 700w, https:\/\/www.interninow.it\/wp-content\/uploads\/2024\/09\/Cassina-Bramante-storage-unit-100x100.jpg 100w, https:\/\/www.interninow.it\/wp-content\/uploads\/2024\/09\/Cassina-Bramante-storage-unit.jpg 1200w\" sizes=\"(max-width: 800px) 100vw, 800px\" title=\"\">\t\t\t\t\t\t\t\t\t\t\t\t\t\t\t<\/div>\n\t\t\t\t<\/div>\n\t\t\t\t<div class=\"elementor-element elementor-element-b832ee6 elementor-widget elementor-widget-heading\" data-id=\"b832ee6\" data-element_type=\"widget\" data-e-type=\"widget\" data-widget_type=\"heading.default\">\n\t\t\t\t<div class=\"elementor-widget-container\">\n\t\t\t\t\t<h4 class=\"elementor-heading-title elementor-size-default\">Cassina Bramante mobile contenitore <\/h4>\t\t\t\t<\/div>\n\t\t\t\t<\/div>\n\t\t\t\t<\/div>\n\t\t<div class=\"elementor-element elementor-element-8fb6f19 e-con-full e-flex e-con e-child\" data-id=\"8fb6f19\" data-element_type=\"container\" data-e-type=\"container\">\n\t\t\t\t<div class=\"elementor-element elementor-element-5843c85 elementor-widget elementor-widget-image\" data-id=\"5843c85\" data-element_type=\"widget\" data-e-type=\"widget\" data-widget_type=\"image.default\">\n\t\t\t\t<div class=\"elementor-widget-container\">\n\t\t\t\t\t\t\t\t\t\t\t\t\t\t\t<img decoding=\"async\" width=\"800\" height=\"800\" src=\"https:\/\/www.interninow.it\/wp-content\/uploads\/2024\/09\/Poltrona-Frau-Isadora-armchair-1024x1024.jpg\" class=\"attachment-large size-large wp-image-31730\" alt=\"\" srcset=\"https:\/\/www.interninow.it\/wp-content\/uploads\/2024\/09\/Poltrona-Frau-Isadora-armchair-1024x1024.jpg 1024w, https:\/\/www.interninow.it\/wp-content\/uploads\/2024\/09\/Poltrona-Frau-Isadora-armchair-300x300.jpg 300w, https:\/\/www.interninow.it\/wp-content\/uploads\/2024\/09\/Poltrona-Frau-Isadora-armchair-150x150.jpg 150w, https:\/\/www.interninow.it\/wp-content\/uploads\/2024\/09\/Poltrona-Frau-Isadora-armchair-768x768.jpg 768w, https:\/\/www.interninow.it\/wp-content\/uploads\/2024\/09\/Poltrona-Frau-Isadora-armchair-500x500.jpg 500w, https:\/\/www.interninow.it\/wp-content\/uploads\/2024\/09\/Poltrona-Frau-Isadora-armchair-700x700.jpg 700w, https:\/\/www.interninow.it\/wp-content\/uploads\/2024\/09\/Poltrona-Frau-Isadora-armchair-100x100.jpg 100w, https:\/\/www.interninow.it\/wp-content\/uploads\/2024\/09\/Poltrona-Frau-Isadora-armchair.jpg 1080w\" sizes=\"(max-width: 800px) 100vw, 800px\" title=\"\">\t\t\t\t\t\t\t\t\t\t\t\t\t\t\t<\/div>\n\t\t\t\t<\/div>\n\t\t\t\t<div class=\"elementor-element elementor-element-561091e elementor-widget elementor-widget-heading\" data-id=\"561091e\" data-element_type=\"widget\" data-e-type=\"widget\" data-widget_type=\"heading.default\">\n\t\t\t\t<div class=\"elementor-widget-container\">\n\t\t\t\t\t<h4 class=\"elementor-heading-title elementor-size-default\">Poltrona Frau Isadora armchair <\/h4>\t\t\t\t<\/div>\n\t\t\t\t<\/div>\n\t\t\t\t<\/div>\n\t\t<div class=\"elementor-element elementor-element-da2f02a e-con-full e-flex e-con e-child\" data-id=\"da2f02a\" data-element_type=\"container\" data-e-type=\"container\">\n\t\t\t\t<div class=\"elementor-element elementor-element-23c71bc elementor-widget elementor-widget-image\" data-id=\"23c71bc\" data-element_type=\"widget\" data-e-type=\"widget\" data-widget_type=\"image.default\">\n\t\t\t\t<div class=\"elementor-widget-container\">\n\t\t\t\t\t\t\t\t\t\t\t\t\t\t\t<img decoding=\"async\" width=\"800\" height=\"800\" src=\"https:\/\/www.interninow.it\/wp-content\/uploads\/2024\/08\/Taccia-small-2-1024x1024.jpg\" class=\"attachment-large size-large wp-image-30867\" alt=\"\" srcset=\"https:\/\/www.interninow.it\/wp-content\/uploads\/2024\/08\/Taccia-small-2-1024x1024.jpg 1024w, https:\/\/www.interninow.it\/wp-content\/uploads\/2024\/08\/Taccia-small-2-500x500.jpg 500w, https:\/\/www.interninow.it\/wp-content\/uploads\/2024\/08\/Taccia-small-2-100x100.jpg 100w, https:\/\/www.interninow.it\/wp-content\/uploads\/2024\/08\/Taccia-small-2-700x700.jpg 700w, https:\/\/www.interninow.it\/wp-content\/uploads\/2024\/08\/Taccia-small-2-300x300.jpg 300w, https:\/\/www.interninow.it\/wp-content\/uploads\/2024\/08\/Taccia-small-2-150x150.jpg 150w, https:\/\/www.interninow.it\/wp-content\/uploads\/2024\/08\/Taccia-small-2-768x768.jpg 768w, https:\/\/www.interninow.it\/wp-content\/uploads\/2024\/08\/Taccia-small-2-1536x1536.jpg 1536w, https:\/\/www.interninow.it\/wp-content\/uploads\/2024\/08\/Taccia-small-2.jpg 1600w\" sizes=\"(max-width: 800px) 100vw, 800px\" title=\"\">\t\t\t\t\t\t\t\t\t\t\t\t\t\t\t<\/div>\n\t\t\t\t<\/div>\n\t\t\t\t<div class=\"elementor-element elementor-element-9c7882e elementor-widget elementor-widget-heading\" data-id=\"9c7882e\" data-element_type=\"widget\" data-e-type=\"widget\" data-widget_type=\"heading.default\">\n\t\t\t\t<div class=\"elementor-widget-container\">\n\t\t\t\t\t<h4 class=\"elementor-heading-title elementor-size-default\">Flos Taccia lampada da tavolo<\/h4>\t\t\t\t<\/div>\n\t\t\t\t<\/div>\n\t\t\t\t<\/div>\n\t\t\t\t<\/div>\n\t\t\t\t\t<\/div>\n\t\t\t\t<\/div>\n\t\t<div class=\"elementor-element elementor-element-b3c4418 e-flex e-con-boxed e-con e-parent\" data-id=\"b3c4418\" data-element_type=\"container\" data-e-type=\"container\">\n\t\t\t\t\t<div class=\"e-con-inner\">\n\t\t\t\t<div class=\"elementor-element elementor-element-ecda386 elementor-widget elementor-widget-heading\" data-id=\"ecda386\" data-element_type=\"widget\" data-e-type=\"widget\" data-widget_type=\"heading.default\">\n\t\t\t\t<div class=\"elementor-widget-container\">\n\t\t\t\t\t<div class=\"elementor-heading-title elementor-size-default\">Se vuoi saperne di pi\u00f9 <a href=\"mailto:marketing@interninow.it\"><u>contattaci <\/u><\/a>o vieni a trovarci in showroom per progettare insieme il tuo spazio con il nostro team di interior designer<\/div>\t\t\t\t<\/div>\n\t\t\t\t<\/div>\n\t\t\t\t\t<\/div>\n\t\t\t\t<\/div>\n\t\t\t\t<\/div>\n\t\t","protected":false},"excerpt":{"rendered":"<p>L&#8217;autunno \u00e8 il momento in cui la natura si veste di tonalit\u00e0 calde e avvolgenti, e noi siamo qui per aiutarti a portare la stessa magia negli spazi domestici. Immergiti in un viaggio ispirazionale attraverso le tendenze e i nostri consigli che trasformeranno la tua casa in un rifugio di stile, comfort e bellezza. Lascia [&hellip;]<\/p>\n","protected":false},"author":44,"featured_media":31768,"comment_status":"closed","ping_status":"closed","sticky":false,"template":"","format":"standard","meta":{"footnotes":""},"categories":[330],"tags":[],"brand":[285,288,306,266,273],"class_list":["post-31741","post","type-post","status-publish","format-standard","has-post-thumbnail","hentry","category-trend","brand-vitra-it","brand-edra-it","brand-cassina-it","brand-poltrona-frau-it","brand-flos-it"],"_links":{"self":[{"href":"https:\/\/www.interninow.it\/it\/wp-json\/wp\/v2\/posts\/31741","targetHints":{"allow":["GET"]}}],"collection":[{"href":"https:\/\/www.interninow.it\/it\/wp-json\/wp\/v2\/posts"}],"about":[{"href":"https:\/\/www.interninow.it\/it\/wp-json\/wp\/v2\/types\/post"}],"author":[{"embeddable":true,"href":"https:\/\/www.interninow.it\/it\/wp-json\/wp\/v2\/users\/44"}],"replies":[{"embeddable":true,"href":"https:\/\/www.interninow.it\/it\/wp-json\/wp\/v2\/comments?post=31741"}],"version-history":[{"count":0,"href":"https:\/\/www.interninow.it\/it\/wp-json\/wp\/v2\/posts\/31741\/revisions"}],"wp:featuredmedia":[{"embeddable":true,"href":"https:\/\/www.interninow.it\/it\/wp-json\/wp\/v2\/media\/31768"}],"wp:attachment":[{"href":"https:\/\/www.interninow.it\/it\/wp-json\/wp\/v2\/media?parent=31741"}],"wp:term":[{"taxonomy":"category","embeddable":true,"href":"https:\/\/www.interninow.it\/it\/wp-json\/wp\/v2\/categories?post=31741"},{"taxonomy":"post_tag","embeddable":true,"href":"https:\/\/www.interninow.it\/it\/wp-json\/wp\/v2\/tags?post=31741"},{"taxonomy":"brand","embeddable":true,"href":"https:\/\/www.interninow.it\/it\/wp-json\/wp\/v2\/brand?post=31741"}],"curies":[{"name":"wp","href":"https:\/\/api.w.org\/{rel}","templated":true}]}}