{"id":30606,"date":"2024-08-26T10:00:59","date_gmt":"2024-08-26T08:00:59","guid":{"rendered":"https:\/\/www.interninow.it\/nuovi-concept-outdoor-creare-spazi-di-relax-allaperto-con-stile-e-liberta\/"},"modified":"2024-08-27T15:20:30","modified_gmt":"2024-08-27T13:20:30","slug":"nuovi-concept-outdoor-creare-spazi-di-relax-allaperto-con-stile-e-liberta","status":"publish","type":"post","link":"https:\/\/www.interninow.it\/it\/nuovi-concept-outdoor-creare-spazi-di-relax-allaperto-con-stile-e-liberta\/","title":{"rendered":"Nuovi concept outdoor: creare spazi di relax all\u2019aperto con stile e libert\u00e0"},"content":{"rendered":"\t\t<div data-elementor-type=\"wp-post\" data-elementor-id=\"30606\" class=\"elementor elementor-30606 elementor-30560\" data-elementor-post-type=\"post\">\n\t\t\t\t<div class=\"elementor-element elementor-element-e5b0532 e-flex e-con-boxed e-con e-parent\" data-id=\"e5b0532\" data-element_type=\"container\" data-e-type=\"container\">\n\t\t\t\t\t<div class=\"e-con-inner\">\n\t\t\t\t<div class=\"elementor-element elementor-element-b2e6e97 elementor-widget elementor-widget-text-editor\" data-id=\"b2e6e97\" data-element_type=\"widget\" data-e-type=\"widget\" data-widget_type=\"text-editor.default\">\n\t\t\t\t<div class=\"elementor-widget-container\">\n\t\t\t\t\t\t\t\t\t<p>Creare spazi di relax all\u2019aperto con stile e libert\u00e0 \u00e8 una tendenza sempre pi\u00f9 in voga, che unisce design, funzionalit\u00e0 e il piacere di vivere l\u2019ambiente esterno, e che richiede una cura particolare per i dettagli, insieme con materiali di alta qualit\u00e0 e un\u2019estetica raffinata.<\/p>\n<p>Immagina di trasformare il tuo spazio all\u2019aperto in un rifugio di lusso, dove eleganza e comfort si fondono armoniosamente con l\u2019ambiente naturale. La chiave \u00e8 trovare un equilibrio tra estetica e funzionalit\u00e0, offrendo un\u2019esperienza sensoriale unica e indimenticabile. A questo scopo, gli arredi giocano un ruolo cruciale nel definire lo spazio, ed investire in soluzioni che possono avere pi\u00f9 usi \u00e8 essenziale per ottimizzarne il layout.  <\/p>\n<p>Per tutte queste premesse, la soluzione \u00e8 solo una: i divani modulari, camaleontici ed estremamente versatili, perfetti per essere riconfigurati e adattarsi ad infinite esigenze. Continua a leggere e scopri la nostra top 5 per l\u2019estate 2024. <\/p>\n\t\t\t\t\t\t\t\t<\/div>\n\t\t\t\t<\/div>\n\t\t\t\t<div class=\"elementor-element elementor-element-cddf934 elementor-widget elementor-widget-global elementor-global-24056 elementor-widget-table-of-contents\" data-id=\"cddf934\" data-element_type=\"widget\" data-e-type=\"widget\" data-settings=\"{&quot;exclude_headings_by_selector&quot;:[],&quot;headings_by_tags&quot;:[&quot;h2&quot;,&quot;h3&quot;,&quot;h4&quot;,&quot;h5&quot;,&quot;h6&quot;],&quot;marker_view&quot;:&quot;numbers&quot;,&quot;no_headings_message&quot;:&quot;Non sono state trovate intestazioni in questa pagina.&quot;,&quot;hierarchical_view&quot;:&quot;yes&quot;,&quot;min_height&quot;:{&quot;unit&quot;:&quot;px&quot;,&quot;size&quot;:&quot;&quot;,&quot;sizes&quot;:[]},&quot;min_height_laptop&quot;:{&quot;unit&quot;:&quot;px&quot;,&quot;size&quot;:&quot;&quot;,&quot;sizes&quot;:[]},&quot;min_height_tablet_extra&quot;:{&quot;unit&quot;:&quot;px&quot;,&quot;size&quot;:&quot;&quot;,&quot;sizes&quot;:[]},&quot;min_height_tablet&quot;:{&quot;unit&quot;:&quot;px&quot;,&quot;size&quot;:&quot;&quot;,&quot;sizes&quot;:[]},&quot;min_height_mobile_extra&quot;:{&quot;unit&quot;:&quot;px&quot;,&quot;size&quot;:&quot;&quot;,&quot;sizes&quot;:[]},&quot;min_height_mobile&quot;:{&quot;unit&quot;:&quot;px&quot;,&quot;size&quot;:&quot;&quot;,&quot;sizes&quot;:[]}}\" data-widget_type=\"table-of-contents.default\">\n\t\t\t\t<div class=\"elementor-widget-container\">\n\t\t\t\t\t\t\t\t\t<div id=\"elementor-toc__cddf934\" class=\"elementor-toc__body\">\n\t\t\t<div class=\"elementor-toc__spinner-container\">\n\t\t\t\t<svg class=\"elementor-toc__spinner eicon-animation-spin e-font-icon-svg e-eicon-loading\" aria-hidden=\"true\" viewBox=\"0 0 1000 1000\" xmlns=\"http:\/\/www.w3.org\/2000\/svg\"><path d=\"M500 975V858C696 858 858 696 858 500S696 142 500 142 142 304 142 500H25C25 237 238 25 500 25S975 237 975 500 763 975 500 975Z\"><\/path><\/svg>\t\t\t<\/div>\n\t\t<\/div>\n\t\t\t\t\t\t<\/div>\n\t\t\t\t<\/div>\n\t\t\t\t<div class=\"elementor-element elementor-element-46524a2 elementor-widget elementor-widget-heading\" data-id=\"46524a2\" data-element_type=\"widget\" data-e-type=\"widget\" data-widget_type=\"heading.default\">\n\t\t\t\t<div class=\"elementor-widget-container\">\n\t\t\t\t\t<h2 class=\"elementor-heading-title elementor-size-default\">Edra \u2013 On the rocks outdoor<\/h2>\t\t\t\t<\/div>\n\t\t\t\t<\/div>\n\t\t\t\t<div class=\"elementor-element elementor-element-9f0090d elementor-widget elementor-widget-text-editor\" data-id=\"9f0090d\" data-element_type=\"widget\" data-e-type=\"widget\" data-widget_type=\"text-editor.default\">\n\t\t\t\t<div class=\"elementor-widget-container\">\n\t\t\t\t\t\t\t\t\t<p>Il divano On the Rocks rappresenta una rivoluzione nel concetto di comfort, posizionandosi come un vero e proprio capolavoro di design che mette al centro non solo l\u2019estetica, ma anche il benessere di chi lo vive. Questo divano si distingue per la sua forma morbida e scultorea, pensata per adattarsi perfettamente alle esigenze personali, sia che si desideri condividere momenti di relax assoluto con altri, sia che si preferisca godere di un angolo di tranquillit\u00e0 in solitudine. <\/p>\n<p>Senza strutture rigide a limitare il comfort, On the Rocks offre quattro sedute di forme diverse e due schienali staccati, che possono essere posizionati liberamente, permettendo cos\u00ec di personalizzare completamente la disposizione. La sua natura modulare consente infatti di comporre il divano in un\u2019unica configurazione coesa o di separare i moduli, creando nuove prospettive e dinamiche all\u2019interno dell\u2019ambiente. <\/p>\n\t\t\t\t\t\t\t\t<\/div>\n\t\t\t\t<\/div>\n\t\t\t\t<div class=\"elementor-element elementor-element-2b71457 elementor-widget elementor-widget-image\" data-id=\"2b71457\" data-element_type=\"widget\" data-e-type=\"widget\" data-widget_type=\"image.default\">\n\t\t\t\t<div class=\"elementor-widget-container\">\n\t\t\t\t\t\t\t\t\t\t\t\t\t\t\t<img decoding=\"async\" width=\"800\" height=\"571\" src=\"https:\/\/www.interninow.it\/wp-content\/uploads\/2024\/08\/On-the-rocks-outdoor-cover-1024x731.jpg\" class=\"attachment-large size-large wp-image-30592\" alt=\"\" srcset=\"https:\/\/www.interninow.it\/wp-content\/uploads\/2024\/08\/On-the-rocks-outdoor-cover-1024x731.jpg 1024w, https:\/\/www.interninow.it\/wp-content\/uploads\/2024\/08\/On-the-rocks-outdoor-cover-500x357.jpg 500w, https:\/\/www.interninow.it\/wp-content\/uploads\/2024\/08\/On-the-rocks-outdoor-cover-700x500.jpg 700w, https:\/\/www.interninow.it\/wp-content\/uploads\/2024\/08\/On-the-rocks-outdoor-cover-300x214.jpg 300w, https:\/\/www.interninow.it\/wp-content\/uploads\/2024\/08\/On-the-rocks-outdoor-cover-768x549.jpg 768w, https:\/\/www.interninow.it\/wp-content\/uploads\/2024\/08\/On-the-rocks-outdoor-cover-1536x1097.jpg 1536w, https:\/\/www.interninow.it\/wp-content\/uploads\/2024\/08\/On-the-rocks-outdoor-cover.jpg 1701w\" sizes=\"(max-width: 800px) 100vw, 800px\" title=\"\">\t\t\t\t\t\t\t\t\t\t\t\t\t\t\t<\/div>\n\t\t\t\t<\/div>\n\t\t\t\t<div class=\"elementor-element elementor-element-8d19a8a elementor-widget elementor-widget-heading\" data-id=\"8d19a8a\" data-element_type=\"widget\" data-e-type=\"widget\" data-widget_type=\"heading.default\">\n\t\t\t\t<div class=\"elementor-widget-container\">\n\t\t\t\t\t<h2 class=\"elementor-heading-title elementor-size-default\">Kettal \u2013 Insula<\/h2>\t\t\t\t<\/div>\n\t\t\t\t<\/div>\n\t\t\t\t<div class=\"elementor-element elementor-element-be99475 elementor-widget elementor-widget-text-editor\" data-id=\"be99475\" data-element_type=\"widget\" data-e-type=\"widget\" data-widget_type=\"text-editor.default\">\n\t\t\t\t<div class=\"elementor-widget-container\">\n\t\t\t\t\t\t\t\t\t<p>L&#8217;Insula modular sofa di Patricia Urquiola rappresenta una raffinata reinterpretazione del tradizionale sedile del majlis arabo, lo spazio in cui la comunit\u00e0 si riuniva per discutere eventi, accogliere ospiti e intrattenersi. Questo divano si distingue per la sua forma bassa e razionale, caratterizzata da linee fluide e un raffinato schienale cilindrico, che enfatizza l\u2019orizzontalit\u00e0 e diventa il punto focale del design. <\/p>\n<p>Le sedute sono disponibili in due dimensioni e permettono l\u2019uso di diversi tipi di schienali: singoli, doppi, angolari e altro ancora. La funzionalit\u00e0 di questo divano, come nel majlis originario, \u00e8 quella di favorire la socializzazione: grazie alle molteplici configurazioni disponibili, l\u2019Insula si adatta a una vasta gamma di situazioni sociali, dagli spazi living pi\u00f9 eleganti ad ambienti lounge pi\u00f9 informali fino anche alla possibilit\u00e0 di distendersi, per prendere il sole e rilassarsi. <\/p>\n\t\t\t\t\t\t\t\t<\/div>\n\t\t\t\t<\/div>\n\t\t\t\t<div class=\"elementor-element elementor-element-dae555e elementor-widget elementor-widget-gallery\" data-id=\"dae555e\" data-element_type=\"widget\" data-e-type=\"widget\" data-settings=\"{&quot;gallery_layout&quot;:&quot;justified&quot;,&quot;ideal_row_height&quot;:{&quot;unit&quot;:&quot;px&quot;,&quot;size&quot;:500,&quot;sizes&quot;:[]},&quot;ideal_row_height_mobile&quot;:{&quot;unit&quot;:&quot;px&quot;,&quot;size&quot;:500,&quot;sizes&quot;:[]},&quot;lazyload&quot;:&quot;yes&quot;,&quot;ideal_row_height_laptop&quot;:{&quot;unit&quot;:&quot;px&quot;,&quot;size&quot;:150,&quot;sizes&quot;:[]},&quot;ideal_row_height_tablet_extra&quot;:{&quot;unit&quot;:&quot;px&quot;,&quot;size&quot;:150,&quot;sizes&quot;:[]},&quot;ideal_row_height_tablet&quot;:{&quot;unit&quot;:&quot;px&quot;,&quot;size&quot;:150,&quot;sizes&quot;:[]},&quot;ideal_row_height_mobile_extra&quot;:{&quot;unit&quot;:&quot;px&quot;,&quot;size&quot;:150,&quot;sizes&quot;:[]},&quot;gap&quot;:{&quot;unit&quot;:&quot;px&quot;,&quot;size&quot;:10,&quot;sizes&quot;:[]},&quot;gap_laptop&quot;:{&quot;unit&quot;:&quot;px&quot;,&quot;size&quot;:10,&quot;sizes&quot;:[]},&quot;gap_tablet_extra&quot;:{&quot;unit&quot;:&quot;px&quot;,&quot;size&quot;:10,&quot;sizes&quot;:[]},&quot;gap_tablet&quot;:{&quot;unit&quot;:&quot;px&quot;,&quot;size&quot;:10,&quot;sizes&quot;:[]},&quot;gap_mobile_extra&quot;:{&quot;unit&quot;:&quot;px&quot;,&quot;size&quot;:10,&quot;sizes&quot;:[]},&quot;gap_mobile&quot;:{&quot;unit&quot;:&quot;px&quot;,&quot;size&quot;:10,&quot;sizes&quot;:[]},&quot;link_to&quot;:&quot;file&quot;,&quot;content_hover_animation&quot;:&quot;fade-in&quot;}\" data-widget_type=\"gallery.default\">\n\t\t\t\t<div class=\"elementor-widget-container\">\n\t\t\t\t\t\t\t<div class=\"elementor-gallery__container\">\n\t\t\t\t\t\t\t<a class=\"e-gallery-item elementor-gallery-item elementor-animated-content\" href=\"https:\/\/www.interninow.it\/wp-content\/uploads\/2024\/08\/kctl_mln24_038_insula-sofa-outdoor-2_final.jpg\" data-elementor-open-lightbox=\"yes\" data-elementor-lightbox-slideshow=\"dae555e\" data-e-action-hash=\"#elementor-action%3Aaction%3Dlightbox%26settings%3DeyJpZCI6MzA1NzQsInVybCI6Imh0dHBzOlwvXC93d3cuaW50ZXJuaW5vdy5pdFwvd3AtY29udGVudFwvdXBsb2Fkc1wvMjAyNFwvMDhcL2tjdGxfbWxuMjRfMDM4X2luc3VsYS1zb2ZhLW91dGRvb3ItMl9maW5hbC5qcGciLCJzbGlkZXNob3ciOiJkYWU1NTVlIn0%3D\">\n\t\t\t\t\t<div class=\"e-gallery-image elementor-gallery-item__image\" data-thumbnail=\"https:\/\/www.interninow.it\/wp-content\/uploads\/2024\/08\/kctl_mln24_038_insula-sofa-outdoor-2_final.jpg\" data-width=\"1600\" data-height=\"1067\" aria-label=\"\" role=\"img\" ><\/div>\n\t\t\t\t\t\t\t\t\t\t\t\t\t\t<\/a>\n\t\t\t\t\t\t\t<a class=\"e-gallery-item elementor-gallery-item elementor-animated-content\" href=\"https:\/\/www.interninow.it\/wp-content\/uploads\/2024\/08\/kctl_mln24_037_insula-sofa-outdoor.jpg\" data-elementor-open-lightbox=\"yes\" data-elementor-lightbox-slideshow=\"dae555e\" data-e-action-hash=\"#elementor-action%3Aaction%3Dlightbox%26settings%3DeyJpZCI6MzA1NzIsInVybCI6Imh0dHBzOlwvXC93d3cuaW50ZXJuaW5vdy5pdFwvd3AtY29udGVudFwvdXBsb2Fkc1wvMjAyNFwvMDhcL2tjdGxfbWxuMjRfMDM3X2luc3VsYS1zb2ZhLW91dGRvb3IuanBnIiwic2xpZGVzaG93IjoiZGFlNTU1ZSJ9\">\n\t\t\t\t\t<div class=\"e-gallery-image elementor-gallery-item__image\" data-thumbnail=\"https:\/\/www.interninow.it\/wp-content\/uploads\/2024\/08\/kctl_mln24_037_insula-sofa-outdoor.jpg\" data-width=\"1400\" data-height=\"1600\" aria-label=\"\" role=\"img\" ><\/div>\n\t\t\t\t\t\t\t\t\t\t\t\t\t\t<\/a>\n\t\t\t\t\t\t\t<a class=\"e-gallery-item elementor-gallery-item elementor-animated-content\" href=\"https:\/\/www.interninow.it\/wp-content\/uploads\/2024\/08\/kctl_mln24_045_insula-sofa-outdoor_final.jpg\" data-elementor-open-lightbox=\"yes\" data-elementor-lightbox-slideshow=\"dae555e\" data-e-action-hash=\"#elementor-action%3Aaction%3Dlightbox%26settings%3DeyJpZCI6MzA1NzYsInVybCI6Imh0dHBzOlwvXC93d3cuaW50ZXJuaW5vdy5pdFwvd3AtY29udGVudFwvdXBsb2Fkc1wvMjAyNFwvMDhcL2tjdGxfbWxuMjRfMDQ1X2luc3VsYS1zb2ZhLW91dGRvb3JfZmluYWwuanBnIiwic2xpZGVzaG93IjoiZGFlNTU1ZSJ9\">\n\t\t\t\t\t<div class=\"e-gallery-image elementor-gallery-item__image\" data-thumbnail=\"https:\/\/www.interninow.it\/wp-content\/uploads\/2024\/08\/kctl_mln24_045_insula-sofa-outdoor_final.jpg\" data-width=\"1600\" data-height=\"1067\" aria-label=\"\" role=\"img\" ><\/div>\n\t\t\t\t\t\t\t\t\t\t\t\t\t\t<\/a>\n\t\t\t\t\t<\/div>\n\t\t\t\t\t<\/div>\n\t\t\t\t<\/div>\n\t\t\t\t<div class=\"elementor-element elementor-element-ed62b1b elementor-widget elementor-widget-heading\" data-id=\"ed62b1b\" data-element_type=\"widget\" data-e-type=\"widget\" data-widget_type=\"heading.default\">\n\t\t\t\t<div class=\"elementor-widget-container\">\n\t\t\t\t\t<h2 class=\"elementor-heading-title elementor-size-default\">Cassina \u2013 Sail Out<\/h2>\t\t\t\t<\/div>\n\t\t\t\t<\/div>\n\t\t\t\t<div class=\"elementor-element elementor-element-4222302 elementor-widget elementor-widget-text-editor\" data-id=\"4222302\" data-element_type=\"widget\" data-e-type=\"widget\" data-widget_type=\"text-editor.default\">\n\t\t\t\t<div class=\"elementor-widget-container\">\n\t\t\t\t\t\t\t\t\t<p>Il divano modulare Sail Out di Cassina, ideato da Rodolfo Dordoni, cattura l&#8217;essenza del relax estivo degli anni &#8217;50, evocando la forma morbida e accogliente dei materassini gonfiabili in tessuto di quell&#8217;epoca.<\/p>\n<p>La modularit\u00e0 \u00e8 uno degli elementi chiave del Sail Out. Il divano offre una variet\u00e0 infinita di combinazioni grazie ai suoi tre moduli di seduta che possono essere, a loro volta, abbinati a tre elementi coordinati: un tavolino laterale in teak, un poggiapiedi rotondo e un elemento bracciolo\/schienale regolabile in due altezze.<br \/>Con Sail Out, Cassina riesce a fondere nostalgia e innovazione, creando un divano che non solo richiama lo spirito dei resort balneari degli anni &#8217;50, ma che \u00e8 anche perfettamente attrezzato per soddisfare le esigenze moderne di comfort e versatilit\u00e0 all&#8217;aperto. <\/p>\n\t\t\t\t\t\t\t\t<\/div>\n\t\t\t\t<\/div>\n\t\t\t\t<div class=\"elementor-element elementor-element-38497e2 elementor-widget elementor-widget-gallery\" data-id=\"38497e2\" data-element_type=\"widget\" data-e-type=\"widget\" data-settings=\"{&quot;gallery_layout&quot;:&quot;justified&quot;,&quot;ideal_row_height&quot;:{&quot;unit&quot;:&quot;px&quot;,&quot;size&quot;:500,&quot;sizes&quot;:[]},&quot;ideal_row_height_mobile&quot;:{&quot;unit&quot;:&quot;px&quot;,&quot;size&quot;:500,&quot;sizes&quot;:[]},&quot;lazyload&quot;:&quot;yes&quot;,&quot;ideal_row_height_laptop&quot;:{&quot;unit&quot;:&quot;px&quot;,&quot;size&quot;:150,&quot;sizes&quot;:[]},&quot;ideal_row_height_tablet_extra&quot;:{&quot;unit&quot;:&quot;px&quot;,&quot;size&quot;:150,&quot;sizes&quot;:[]},&quot;ideal_row_height_tablet&quot;:{&quot;unit&quot;:&quot;px&quot;,&quot;size&quot;:150,&quot;sizes&quot;:[]},&quot;ideal_row_height_mobile_extra&quot;:{&quot;unit&quot;:&quot;px&quot;,&quot;size&quot;:150,&quot;sizes&quot;:[]},&quot;gap&quot;:{&quot;unit&quot;:&quot;px&quot;,&quot;size&quot;:10,&quot;sizes&quot;:[]},&quot;gap_laptop&quot;:{&quot;unit&quot;:&quot;px&quot;,&quot;size&quot;:10,&quot;sizes&quot;:[]},&quot;gap_tablet_extra&quot;:{&quot;unit&quot;:&quot;px&quot;,&quot;size&quot;:10,&quot;sizes&quot;:[]},&quot;gap_tablet&quot;:{&quot;unit&quot;:&quot;px&quot;,&quot;size&quot;:10,&quot;sizes&quot;:[]},&quot;gap_mobile_extra&quot;:{&quot;unit&quot;:&quot;px&quot;,&quot;size&quot;:10,&quot;sizes&quot;:[]},&quot;gap_mobile&quot;:{&quot;unit&quot;:&quot;px&quot;,&quot;size&quot;:10,&quot;sizes&quot;:[]},&quot;link_to&quot;:&quot;file&quot;,&quot;content_hover_animation&quot;:&quot;fade-in&quot;}\" data-widget_type=\"gallery.default\">\n\t\t\t\t<div class=\"elementor-widget-container\">\n\t\t\t\t\t\t\t<div class=\"elementor-gallery__container\">\n\t\t\t\t\t\t\t<a class=\"e-gallery-item elementor-gallery-item elementor-animated-content\" href=\"https:\/\/www.interninow.it\/wp-content\/uploads\/2024\/08\/cassina-sailOut-3.jpg\" data-elementor-open-lightbox=\"yes\" data-elementor-lightbox-slideshow=\"38497e2\" data-e-action-hash=\"#elementor-action%3Aaction%3Dlightbox%26settings%3DeyJpZCI6MzA1ODUsInVybCI6Imh0dHBzOlwvXC93d3cuaW50ZXJuaW5vdy5pdFwvd3AtY29udGVudFwvdXBsb2Fkc1wvMjAyNFwvMDhcL2Nhc3NpbmEtc2FpbE91dC0zLmpwZyIsInNsaWRlc2hvdyI6IjM4NDk3ZTIifQ%3D%3D\">\n\t\t\t\t\t<div class=\"e-gallery-image elementor-gallery-item__image\" data-thumbnail=\"https:\/\/www.interninow.it\/wp-content\/uploads\/2024\/08\/cassina-sailOut-3.jpg\" data-width=\"1500\" data-height=\"964\" aria-label=\"\" role=\"img\" ><\/div>\n\t\t\t\t\t\t\t\t\t\t\t\t\t\t<\/a>\n\t\t\t\t\t\t\t<a class=\"e-gallery-item elementor-gallery-item elementor-animated-content\" href=\"https:\/\/www.interninow.it\/wp-content\/uploads\/2024\/08\/cassina-sailOut-2.jpg\" data-elementor-open-lightbox=\"yes\" data-elementor-lightbox-slideshow=\"38497e2\" data-e-action-hash=\"#elementor-action%3Aaction%3Dlightbox%26settings%3DeyJpZCI6MzA1ODAsInVybCI6Imh0dHBzOlwvXC93d3cuaW50ZXJuaW5vdy5pdFwvd3AtY29udGVudFwvdXBsb2Fkc1wvMjAyNFwvMDhcL2Nhc3NpbmEtc2FpbE91dC0yLmpwZyIsInNsaWRlc2hvdyI6IjM4NDk3ZTIifQ%3D%3D\">\n\t\t\t\t\t<div class=\"e-gallery-image elementor-gallery-item__image\" data-thumbnail=\"https:\/\/www.interninow.it\/wp-content\/uploads\/2024\/08\/cassina-sailOut-2.jpg\" data-width=\"597\" data-height=\"768\" aria-label=\"\" role=\"img\" ><\/div>\n\t\t\t\t\t\t\t\t\t\t\t\t\t\t<\/a>\n\t\t\t\t\t\t\t<a class=\"e-gallery-item elementor-gallery-item elementor-animated-content\" href=\"https:\/\/www.interninow.it\/wp-content\/uploads\/2024\/08\/cassina-sailOut-1.jpg\" data-elementor-open-lightbox=\"yes\" data-elementor-lightbox-slideshow=\"38497e2\" data-e-action-hash=\"#elementor-action%3Aaction%3Dlightbox%26settings%3DeyJpZCI6MzA1NzgsInVybCI6Imh0dHBzOlwvXC93d3cuaW50ZXJuaW5vdy5pdFwvd3AtY29udGVudFwvdXBsb2Fkc1wvMjAyNFwvMDhcL2Nhc3NpbmEtc2FpbE91dC0xLmpwZyIsInNsaWRlc2hvdyI6IjM4NDk3ZTIifQ%3D%3D\">\n\t\t\t\t\t<div class=\"e-gallery-image elementor-gallery-item__image\" data-thumbnail=\"https:\/\/www.interninow.it\/wp-content\/uploads\/2024\/08\/cassina-sailOut-1.jpg\" data-width=\"1500\" data-height=\"1000\" aria-label=\"\" role=\"img\" ><\/div>\n\t\t\t\t\t\t\t\t\t\t\t\t\t\t<\/a>\n\t\t\t\t\t<\/div>\n\t\t\t\t\t<\/div>\n\t\t\t\t<\/div>\n\t\t\t\t<div class=\"elementor-element elementor-element-398f332 elementor-widget elementor-widget-heading\" data-id=\"398f332\" data-element_type=\"widget\" data-e-type=\"widget\" data-widget_type=\"heading.default\">\n\t\t\t\t<div class=\"elementor-widget-container\">\n\t\t\t\t\t<h2 class=\"elementor-heading-title elementor-size-default\">Roda \u2013 Onda<\/h2>\t\t\t\t<\/div>\n\t\t\t\t<\/div>\n\t\t\t\t<div class=\"elementor-element elementor-element-f96f270 elementor-widget elementor-widget-text-editor\" data-id=\"f96f270\" data-element_type=\"widget\" data-e-type=\"widget\" data-widget_type=\"text-editor.default\">\n\t\t\t\t<div class=\"elementor-widget-container\">\n\t\t\t\t\t\t\t\t\t<p>La collezione Onda di Roda rappresenta un raffinato connubio tra design fluido e comfort avvolgente, incarnando un\u2019eleganza informale e sofisticata. Questa collezione, composta da lounge chair, chaise longue e pouf, \u00e8 caratterizzata da volumi destrutturati e geometrie morbide, che invitano a rilassarsi in modo naturale. Sono elementi versatili che arricchiscono qualsiasi salotto all&#8217;aperto, grazie alla combinazione tra la struttura e materiali innovativi come batyline, cinture, corde e reti 3D. Questi tessuti strutturali non solo garantiscono una grande resistenza e durabilit\u00e0, ma conferiscono a ciascun prodotto un\u2019identit\u00e0 unica, perfettamente in linea con i gusti pi\u00f9 esigenti.   <\/p>\n<p>Il design trasversale delle lounge chair Onda permette di combinarle facilmente con altri mobili, sia per interni che per esterni, o di utilizzarle da sole, abbinate a uno sgabello o a un pouf, creando un set perfetto per il giardino o il patio.<\/p>\n\t\t\t\t\t\t\t\t<\/div>\n\t\t\t\t<\/div>\n\t\t\t\t<div class=\"elementor-element elementor-element-03c6e01 elementor-widget elementor-widget-gallery\" data-id=\"03c6e01\" data-element_type=\"widget\" data-e-type=\"widget\" data-settings=\"{&quot;gallery_layout&quot;:&quot;justified&quot;,&quot;ideal_row_height&quot;:{&quot;unit&quot;:&quot;px&quot;,&quot;size&quot;:500,&quot;sizes&quot;:[]},&quot;ideal_row_height_mobile&quot;:{&quot;unit&quot;:&quot;px&quot;,&quot;size&quot;:500,&quot;sizes&quot;:[]},&quot;lazyload&quot;:&quot;yes&quot;,&quot;ideal_row_height_laptop&quot;:{&quot;unit&quot;:&quot;px&quot;,&quot;size&quot;:150,&quot;sizes&quot;:[]},&quot;ideal_row_height_tablet_extra&quot;:{&quot;unit&quot;:&quot;px&quot;,&quot;size&quot;:150,&quot;sizes&quot;:[]},&quot;ideal_row_height_tablet&quot;:{&quot;unit&quot;:&quot;px&quot;,&quot;size&quot;:150,&quot;sizes&quot;:[]},&quot;ideal_row_height_mobile_extra&quot;:{&quot;unit&quot;:&quot;px&quot;,&quot;size&quot;:150,&quot;sizes&quot;:[]},&quot;gap&quot;:{&quot;unit&quot;:&quot;px&quot;,&quot;size&quot;:10,&quot;sizes&quot;:[]},&quot;gap_laptop&quot;:{&quot;unit&quot;:&quot;px&quot;,&quot;size&quot;:10,&quot;sizes&quot;:[]},&quot;gap_tablet_extra&quot;:{&quot;unit&quot;:&quot;px&quot;,&quot;size&quot;:10,&quot;sizes&quot;:[]},&quot;gap_tablet&quot;:{&quot;unit&quot;:&quot;px&quot;,&quot;size&quot;:10,&quot;sizes&quot;:[]},&quot;gap_mobile_extra&quot;:{&quot;unit&quot;:&quot;px&quot;,&quot;size&quot;:10,&quot;sizes&quot;:[]},&quot;gap_mobile&quot;:{&quot;unit&quot;:&quot;px&quot;,&quot;size&quot;:10,&quot;sizes&quot;:[]},&quot;link_to&quot;:&quot;file&quot;,&quot;content_hover_animation&quot;:&quot;fade-in&quot;}\" data-widget_type=\"gallery.default\">\n\t\t\t\t<div class=\"elementor-widget-container\">\n\t\t\t\t\t\t\t<div class=\"elementor-gallery__container\">\n\t\t\t\t\t\t\t<a class=\"e-gallery-item elementor-gallery-item elementor-animated-content\" href=\"https:\/\/www.interninow.it\/wp-content\/uploads\/2024\/08\/Roda-Onda-8-a.jpg\" data-elementor-open-lightbox=\"yes\" data-elementor-lightbox-slideshow=\"03c6e01\" data-e-action-hash=\"#elementor-action%3Aaction%3Dlightbox%26settings%3DeyJpZCI6MzA1OTgsInVybCI6Imh0dHBzOlwvXC93d3cuaW50ZXJuaW5vdy5pdFwvd3AtY29udGVudFwvdXBsb2Fkc1wvMjAyNFwvMDhcL1JvZGEtT25kYS04LWEuanBnIiwic2xpZGVzaG93IjoiMDNjNmUwMSJ9\">\n\t\t\t\t\t<div class=\"e-gallery-image elementor-gallery-item__image\" data-thumbnail=\"https:\/\/www.interninow.it\/wp-content\/uploads\/2024\/08\/Roda-Onda-8-a.jpg\" data-width=\"1400\" data-height=\"1120\" aria-label=\"\" role=\"img\" ><\/div>\n\t\t\t\t\t\t\t\t\t\t\t\t\t\t<\/a>\n\t\t\t\t\t\t\t<a class=\"e-gallery-item elementor-gallery-item elementor-animated-content\" href=\"https:\/\/www.interninow.it\/wp-content\/uploads\/2024\/08\/Roda-Onda-7.jpg\" data-elementor-open-lightbox=\"yes\" data-elementor-lightbox-slideshow=\"03c6e01\" data-e-action-hash=\"#elementor-action%3Aaction%3Dlightbox%26settings%3DeyJpZCI6MzA1OTYsInVybCI6Imh0dHBzOlwvXC93d3cuaW50ZXJuaW5vdy5pdFwvd3AtY29udGVudFwvdXBsb2Fkc1wvMjAyNFwvMDhcL1JvZGEtT25kYS03LmpwZyIsInNsaWRlc2hvdyI6IjAzYzZlMDEifQ%3D%3D\">\n\t\t\t\t\t<div class=\"e-gallery-image elementor-gallery-item__image\" data-thumbnail=\"https:\/\/www.interninow.it\/wp-content\/uploads\/2024\/08\/Roda-Onda-7.jpg\" data-width=\"1400\" data-height=\"1800\" aria-label=\"\" role=\"img\" ><\/div>\n\t\t\t\t\t\t\t\t\t\t\t\t\t\t<\/a>\n\t\t\t\t\t\t\t<a class=\"e-gallery-item elementor-gallery-item elementor-animated-content\" href=\"https:\/\/www.interninow.it\/wp-content\/uploads\/2024\/08\/2a-RODA_ONDA_2.jpg\" data-elementor-open-lightbox=\"yes\" data-elementor-lightbox-slideshow=\"03c6e01\" data-e-action-hash=\"#elementor-action%3Aaction%3Dlightbox%26settings%3DeyJpZCI6MzA2MDAsInVybCI6Imh0dHBzOlwvXC93d3cuaW50ZXJuaW5vdy5pdFwvd3AtY29udGVudFwvdXBsb2Fkc1wvMjAyNFwvMDhcLzJhLVJPREFfT05EQV8yLmpwZyIsInNsaWRlc2hvdyI6IjAzYzZlMDEifQ%3D%3D\">\n\t\t\t\t\t<div class=\"e-gallery-image elementor-gallery-item__image\" data-thumbnail=\"https:\/\/www.interninow.it\/wp-content\/uploads\/2024\/08\/2a-RODA_ONDA_2.jpg\" data-width=\"1920\" data-height=\"1080\" aria-label=\"\" role=\"img\" ><\/div>\n\t\t\t\t\t\t\t\t\t\t\t\t\t\t<\/a>\n\t\t\t\t\t<\/div>\n\t\t\t\t\t<\/div>\n\t\t\t\t<\/div>\n\t\t\t\t<div class=\"elementor-element elementor-element-24eab5c elementor-widget elementor-widget-heading\" data-id=\"24eab5c\" data-element_type=\"widget\" data-e-type=\"widget\" data-widget_type=\"heading.default\">\n\t\t\t\t<div class=\"elementor-widget-container\">\n\t\t\t\t\t<h2 class=\"elementor-heading-title elementor-size-default\">Paola Lenti \u2013 Noah<\/h2>\t\t\t\t<\/div>\n\t\t\t\t<\/div>\n\t\t\t\t<div class=\"elementor-element elementor-element-7610735 elementor-widget elementor-widget-text-editor\" data-id=\"7610735\" data-element_type=\"widget\" data-e-type=\"widget\" data-widget_type=\"text-editor.default\">\n\t\t\t\t<div class=\"elementor-widget-container\">\n\t\t\t\t\t\t\t\t\t<p>Il divano Noah di Paola Lenti \u00e8 un esempio di design contemporaneo che unisce comfort, innovazione e sostenibilit\u00e0. Questo pezzo distintivo si caratterizza per la sua seduta ampia e accogliente, accompagnata da uno schienale costituito da un unico elemento cilindrico mobile, che offre la massima flessibilit\u00e0 e personalizzazione del comfort. <\/p>\n<p>L&#8217;imbottitura \u00e8 realizzata in poliuretano espanso riciclabile, sapientemente miscelato con fibra di poliestere Aerelle\u00ae blue, un materiale noto per la sua morbidezza e resilienza. Questo strato \u00e8 ulteriormente arricchito da un rivestimento superiore in poliestere riciclabile avvolto in una fodera fissa in poliestere idrorepellente, che garantisce durabilit\u00e0 e protezione contro l\u2019umidit\u00e0.<br \/>In sintesi, Noah \u00e8 un\u2019esperienza di relax che combina estetica raffinata, materiali di alta qualit\u00e0 e una funzionalit\u00e0 pensata per adattarsi alle esigenze moderne. <\/p>\n\t\t\t\t\t\t\t\t<\/div>\n\t\t\t\t<\/div>\n\t\t\t\t<div class=\"elementor-element elementor-element-712a2e0 elementor-widget elementor-widget-image\" data-id=\"712a2e0\" data-element_type=\"widget\" data-e-type=\"widget\" data-widget_type=\"image.default\">\n\t\t\t\t<div class=\"elementor-widget-container\">\n\t\t\t\t\t\t\t\t\t\t\t\t\t\t\t<img decoding=\"async\" width=\"800\" height=\"430\" src=\"https:\/\/www.interninow.it\/wp-content\/uploads\/2024\/08\/Noah-slide1-PaolaLenti_-1024x551.jpg\" class=\"attachment-large size-large wp-image-30590\" alt=\"\" srcset=\"https:\/\/www.interninow.it\/wp-content\/uploads\/2024\/08\/Noah-slide1-PaolaLenti_-1024x551.jpg 1024w, https:\/\/www.interninow.it\/wp-content\/uploads\/2024\/08\/Noah-slide1-PaolaLenti_-500x269.jpg 500w, https:\/\/www.interninow.it\/wp-content\/uploads\/2024\/08\/Noah-slide1-PaolaLenti_-700x377.jpg 700w, https:\/\/www.interninow.it\/wp-content\/uploads\/2024\/08\/Noah-slide1-PaolaLenti_-300x162.jpg 300w, https:\/\/www.interninow.it\/wp-content\/uploads\/2024\/08\/Noah-slide1-PaolaLenti_-768x414.jpg 768w, https:\/\/www.interninow.it\/wp-content\/uploads\/2024\/08\/Noah-slide1-PaolaLenti_-1536x827.jpg 1536w, https:\/\/www.interninow.it\/wp-content\/uploads\/2024\/08\/Noah-slide1-PaolaLenti_.jpg 1920w\" sizes=\"(max-width: 800px) 100vw, 800px\" title=\"\">\t\t\t\t\t\t\t\t\t\t\t\t\t\t\t<\/div>\n\t\t\t\t<\/div>\n\t\t\t\t<div class=\"elementor-element elementor-element-1e49d09 elementor-widget elementor-widget-heading\" data-id=\"1e49d09\" data-element_type=\"widget\" data-e-type=\"widget\" data-widget_type=\"heading.default\">\n\t\t\t\t<div class=\"elementor-widget-container\">\n\t\t\t\t\t<span class=\"elementor-heading-title elementor-size-default\">La libert\u00e0 \u00e8 nelle singole cose (o singoli moduli, che dir si voglia)<\/span>\t\t\t\t<\/div>\n\t\t\t\t<\/div>\n\t\t\t\t<div class=\"elementor-element elementor-element-2a33e48 elementor-widget elementor-widget-text-editor\" data-id=\"2a33e48\" data-element_type=\"widget\" data-e-type=\"widget\" data-widget_type=\"text-editor.default\">\n\t\t\t\t<div class=\"elementor-widget-container\">\n\t\t\t\t\t\t\t\t\t<p>Creare uno spazio di relax all\u2019aperto con stile e libert\u00e0 significa realizzare un ambiente dove ogni dettaglio \u00e8 pensato per offrire un\u2019esperienza di lusso unica. Scegliendo uno &#8211; o pi\u00f9 &#8211; di questi divani e combinandone gli elementi si pu\u00f2 trasformare un semplice spazio outdoor in un paradiso di comfort e bellezza. <\/p>\n\t\t\t\t\t\t\t\t<\/div>\n\t\t\t\t<\/div>\n\t\t\t\t\t<\/div>\n\t\t\t\t<\/div>\n\t\t\t\t<\/div>\n\t\t","protected":false},"excerpt":{"rendered":"<p>Creare spazi di relax all\u2019aperto con stile e libert\u00e0 \u00e8 una tendenza sempre pi\u00f9 in voga, che unisce design, funzionalit\u00e0 e il piacere di vivere l\u2019ambiente esterno, e che richiede una cura particolare per i dettagli, insieme con materiali di alta qualit\u00e0 e un\u2019estetica raffinata. Immagina di trasformare il tuo spazio all\u2019aperto in un rifugio [&hellip;]<\/p>\n","protected":false},"author":44,"featured_media":30602,"comment_status":"open","ping_status":"closed","sticky":false,"template":"","format":"standard","meta":{"footnotes":""},"categories":[323],"tags":[],"brand":[288,306,335,338],"class_list":["post-30606","post","type-post","status-publish","format-standard","has-post-thumbnail","hentry","category-idee","brand-edra-it","brand-cassina-it","brand-roda","brand-kettal"],"_links":{"self":[{"href":"https:\/\/www.interninow.it\/it\/wp-json\/wp\/v2\/posts\/30606","targetHints":{"allow":["GET"]}}],"collection":[{"href":"https:\/\/www.interninow.it\/it\/wp-json\/wp\/v2\/posts"}],"about":[{"href":"https:\/\/www.interninow.it\/it\/wp-json\/wp\/v2\/types\/post"}],"author":[{"embeddable":true,"href":"https:\/\/www.interninow.it\/it\/wp-json\/wp\/v2\/users\/44"}],"replies":[{"embeddable":true,"href":"https:\/\/www.interninow.it\/it\/wp-json\/wp\/v2\/comments?post=30606"}],"version-history":[{"count":0,"href":"https:\/\/www.interninow.it\/it\/wp-json\/wp\/v2\/posts\/30606\/revisions"}],"wp:featuredmedia":[{"embeddable":true,"href":"https:\/\/www.interninow.it\/it\/wp-json\/wp\/v2\/media\/30602"}],"wp:attachment":[{"href":"https:\/\/www.interninow.it\/it\/wp-json\/wp\/v2\/media?parent=30606"}],"wp:term":[{"taxonomy":"category","embeddable":true,"href":"https:\/\/www.interninow.it\/it\/wp-json\/wp\/v2\/categories?post=30606"},{"taxonomy":"post_tag","embeddable":true,"href":"https:\/\/www.interninow.it\/it\/wp-json\/wp\/v2\/tags?post=30606"},{"taxonomy":"brand","embeddable":true,"href":"https:\/\/www.interninow.it\/it\/wp-json\/wp\/v2\/brand?post=30606"}],"curies":[{"name":"wp","href":"https:\/\/api.w.org\/{rel}","templated":true}]}}