{"id":25373,"date":"2023-12-15T12:42:35","date_gmt":"2023-12-15T11:42:35","guid":{"rendered":"https:\/\/www.intnow.it\/?p=25373"},"modified":"2024-04-27T16:08:55","modified_gmt":"2024-04-27T14:08:55","slug":"le-10-migliori-sedie-di-design","status":"publish","type":"post","link":"https:\/\/www.interninow.it\/it\/le-10-migliori-sedie-di-design\/","title":{"rendered":"Le 10 migliori sedie di design"},"content":{"rendered":"\t\t<div data-elementor-type=\"wp-post\" data-elementor-id=\"25373\" class=\"elementor elementor-25373\" data-elementor-post-type=\"post\">\n\t\t\t\t\t\t<section class=\"elementor-section elementor-top-section elementor-element elementor-element-e82fab7 elementor-section-boxed elementor-section-height-default elementor-section-height-default\" data-id=\"e82fab7\" data-element_type=\"section\" data-e-type=\"section\">\n\t\t\t\t\t\t<div class=\"elementor-container elementor-column-gap-default\">\n\t\t\t\t\t<div class=\"elementor-column elementor-col-100 elementor-top-column elementor-element elementor-element-7457bc3\" data-id=\"7457bc3\" data-element_type=\"column\" data-e-type=\"column\">\n\t\t\t<div class=\"elementor-widget-wrap elementor-element-populated\">\n\t\t\t\t\t\t<div class=\"elementor-element elementor-element-2f8ac36 elementor-widget elementor-widget-text-editor\" data-id=\"2f8ac36\" data-element_type=\"widget\" data-e-type=\"widget\" data-widget_type=\"text-editor.default\">\n\t\t\t\t<div class=\"elementor-widget-container\">\n\t\t\t\t\t\t\t\t\t<p>Non \u00e8 la prima volta che parliamo di sedie di design, ma come darci torto? Le sedie offrono un&#8217;opportunit\u00e0 per esprimere il proprio stile e personalit\u00e0 attraverso il design ed il colore; possono essere un elemento di distinzione nell&#8217;arredo di interni e possono contribuire a definire lo stile di un ambiente.<\/p><p>La loro importanza e versatilit\u00e0 si traduce nell&#8217;opportunit\u00e0 di migliorare il comfort, l&#8217;estetica e la funzionalit\u00e0 di uno spazio, rendendole una scelta chiave nei progetti di interior design.<\/p>\t\t\t\t\t\t\t\t<\/div>\n\t\t\t\t<\/div>\n\t\t\t\t<div class=\"elementor-element elementor-element-4ef2573 elementor-widget elementor-widget-global elementor-global-24056 elementor-widget-table-of-contents\" data-id=\"4ef2573\" data-element_type=\"widget\" data-e-type=\"widget\" data-settings=\"{&quot;exclude_headings_by_selector&quot;:[],&quot;headings_by_tags&quot;:[&quot;h2&quot;,&quot;h3&quot;,&quot;h4&quot;,&quot;h5&quot;,&quot;h6&quot;],&quot;marker_view&quot;:&quot;numbers&quot;,&quot;no_headings_message&quot;:&quot;Non sono state trovate intestazioni in questa pagina.&quot;,&quot;hierarchical_view&quot;:&quot;yes&quot;,&quot;min_height&quot;:{&quot;unit&quot;:&quot;px&quot;,&quot;size&quot;:&quot;&quot;,&quot;sizes&quot;:[]},&quot;min_height_laptop&quot;:{&quot;unit&quot;:&quot;px&quot;,&quot;size&quot;:&quot;&quot;,&quot;sizes&quot;:[]},&quot;min_height_tablet_extra&quot;:{&quot;unit&quot;:&quot;px&quot;,&quot;size&quot;:&quot;&quot;,&quot;sizes&quot;:[]},&quot;min_height_tablet&quot;:{&quot;unit&quot;:&quot;px&quot;,&quot;size&quot;:&quot;&quot;,&quot;sizes&quot;:[]},&quot;min_height_mobile_extra&quot;:{&quot;unit&quot;:&quot;px&quot;,&quot;size&quot;:&quot;&quot;,&quot;sizes&quot;:[]},&quot;min_height_mobile&quot;:{&quot;unit&quot;:&quot;px&quot;,&quot;size&quot;:&quot;&quot;,&quot;sizes&quot;:[]}}\" data-widget_type=\"table-of-contents.default\">\n\t\t\t\t<div class=\"elementor-widget-container\">\n\t\t\t\t\t\t\t\t\t<div id=\"elementor-toc__4ef2573\" class=\"elementor-toc__body\">\n\t\t\t<div class=\"elementor-toc__spinner-container\">\n\t\t\t\t<svg class=\"elementor-toc__spinner eicon-animation-spin e-font-icon-svg e-eicon-loading\" aria-hidden=\"true\" viewBox=\"0 0 1000 1000\" xmlns=\"http:\/\/www.w3.org\/2000\/svg\"><path d=\"M500 975V858C696 858 858 696 858 500S696 142 500 142 142 304 142 500H25C25 237 238 25 500 25S975 237 975 500 763 975 500 975Z\"><\/path><\/svg>\t\t\t<\/div>\n\t\t<\/div>\n\t\t\t\t\t\t<\/div>\n\t\t\t\t<\/div>\n\t\t\t\t<div class=\"elementor-element elementor-element-50d1814 elementor-widget elementor-widget-text-editor\" data-id=\"50d1814\" data-element_type=\"widget\" data-e-type=\"widget\" data-widget_type=\"text-editor.default\">\n\t\t\t\t<div class=\"elementor-widget-container\">\n\t\t\t\t\t\t\t\t\t<p>Tra le tante, alcune sedie nel tempo sono diventate icone del design e opere d&#8217;arte funzionali. Continua a leggere e scopri 10 sedie che hanno acquisito un valore storico e artistico significativo, elevandosi ben oltre il \u201csemplice\u201d essere un elemento d\u2019arredo, ma senza mai rinunciare alla loro perfetta funzionalit\u00e0.<\/p>\t\t\t\t\t\t\t\t<\/div>\n\t\t\t\t<\/div>\n\t\t\t\t<section class=\"elementor-section elementor-inner-section elementor-element elementor-element-aab7252 elementor-reverse-mobile elementor-section-boxed elementor-section-height-default elementor-section-height-default\" data-id=\"aab7252\" data-element_type=\"section\" data-e-type=\"section\">\n\t\t\t\t\t\t<div class=\"elementor-container elementor-column-gap-default\">\n\t\t\t\t\t<div class=\"elementor-column elementor-col-50 elementor-inner-column elementor-element elementor-element-9b4b097\" data-id=\"9b4b097\" data-element_type=\"column\" data-e-type=\"column\">\n\t\t\t<div class=\"elementor-widget-wrap elementor-element-populated\">\n\t\t\t\t\t\t<div class=\"elementor-element elementor-element-01fcda5 elementor-widget elementor-widget-heading\" data-id=\"01fcda5\" data-element_type=\"widget\" data-e-type=\"widget\" data-widget_type=\"heading.default\">\n\t\t\t\t<div class=\"elementor-widget-container\">\n\t\t\t\t\t<h2 class=\"elementor-heading-title elementor-size-default\"><b>ICONA <\/b><br>Cassina, Zig Zag<\/h2>\t\t\t\t<\/div>\n\t\t\t\t<\/div>\n\t\t\t\t<div class=\"elementor-element elementor-element-c1eaa2a elementor-widget elementor-widget-text-editor\" data-id=\"c1eaa2a\" data-element_type=\"widget\" data-e-type=\"widget\" data-widget_type=\"text-editor.default\">\n\t\t\t\t<div class=\"elementor-widget-container\">\n\t\t\t\t\t\t\t\t\t<p>Era il 1934 e, all\u2019interno del movimento De Stijl, il designer olandese <strong>Gerrit Thomas Rietveld<\/strong> cercava di semplificare e razionalizzare il mondo delle sedie, utilizzando forme geometriche e colori primari.<\/p><p>Cos\u00ec nasce \u201c<strong>Zig Zag<\/strong>\u201d, una pietra miliare nel design del XX secolo che, con la sua estetica distintiva ed il suo significato storico, \u00e8 una vera e propria opera d\u2019arte funzionale, altamente desiderata dagli amanti del design e dai collezionisti.<\/p>\t\t\t\t\t\t\t\t<\/div>\n\t\t\t\t<\/div>\n\t\t\t\t\t<\/div>\n\t\t<\/div>\n\t\t\t\t<div class=\"elementor-column elementor-col-50 elementor-inner-column elementor-element elementor-element-b20bd2e\" data-id=\"b20bd2e\" data-element_type=\"column\" data-e-type=\"column\">\n\t\t\t<div class=\"elementor-widget-wrap elementor-element-populated\">\n\t\t\t\t\t\t<div class=\"elementor-element elementor-element-0b42794 elementor-widget elementor-widget-image\" data-id=\"0b42794\" data-element_type=\"widget\" data-e-type=\"widget\" data-widget_type=\"image.default\">\n\t\t\t\t<div class=\"elementor-widget-container\">\n\t\t\t\t\t\t\t\t\t\t\t\t\t\t\t<img decoding=\"async\" width=\"800\" height=\"800\" src=\"https:\/\/www.interninow.it\/wp-content\/uploads\/2023\/11\/Zig-Zag-Cassina-1024x1024.jpg\" class=\"attachment-large size-large wp-image-25384\" alt=\"Zig Zag-Cassina\" srcset=\"https:\/\/www.interninow.it\/wp-content\/uploads\/2023\/11\/Zig-Zag-Cassina-1024x1024.jpg 1024w, https:\/\/www.interninow.it\/wp-content\/uploads\/2023\/11\/Zig-Zag-Cassina-500x500.jpg 500w, https:\/\/www.interninow.it\/wp-content\/uploads\/2023\/11\/Zig-Zag-Cassina-100x100.jpg 100w, https:\/\/www.interninow.it\/wp-content\/uploads\/2023\/11\/Zig-Zag-Cassina-700x700.jpg 700w, https:\/\/www.interninow.it\/wp-content\/uploads\/2023\/11\/Zig-Zag-Cassina-300x300.jpg 300w, https:\/\/www.interninow.it\/wp-content\/uploads\/2023\/11\/Zig-Zag-Cassina-150x150.jpg 150w, https:\/\/www.interninow.it\/wp-content\/uploads\/2023\/11\/Zig-Zag-Cassina-768x768.jpg 768w, https:\/\/www.interninow.it\/wp-content\/uploads\/2023\/11\/Zig-Zag-Cassina.jpg 1400w\" sizes=\"(max-width: 800px) 100vw, 800px\" title=\"\">\t\t\t\t\t\t\t\t\t\t\t\t\t\t\t<\/div>\n\t\t\t\t<\/div>\n\t\t\t\t\t<\/div>\n\t\t<\/div>\n\t\t\t\t\t<\/div>\n\t\t<\/section>\n\t\t\t\t<div class=\"elementor-element elementor-element-fc162b8 elementor-widget elementor-widget-spacer\" data-id=\"fc162b8\" data-element_type=\"widget\" data-e-type=\"widget\" data-widget_type=\"spacer.default\">\n\t\t\t\t<div class=\"elementor-widget-container\">\n\t\t\t\t\t\t\t<div class=\"elementor-spacer\">\n\t\t\t<div class=\"elementor-spacer-inner\"><\/div>\n\t\t<\/div>\n\t\t\t\t\t\t<\/div>\n\t\t\t\t<\/div>\n\t\t\t\t<section class=\"elementor-section elementor-inner-section elementor-element elementor-element-7f4b862 elementor-section-boxed elementor-section-height-default elementor-section-height-default\" data-id=\"7f4b862\" data-element_type=\"section\" data-e-type=\"section\">\n\t\t\t\t\t\t<div class=\"elementor-container elementor-column-gap-default\">\n\t\t\t\t\t<div class=\"elementor-column elementor-col-50 elementor-inner-column elementor-element elementor-element-ab62580\" data-id=\"ab62580\" data-element_type=\"column\" data-e-type=\"column\">\n\t\t\t<div class=\"elementor-widget-wrap elementor-element-populated\">\n\t\t\t\t\t\t<div class=\"elementor-element elementor-element-603ad08 elementor-widget elementor-widget-image\" data-id=\"603ad08\" data-element_type=\"widget\" data-e-type=\"widget\" data-widget_type=\"image.default\">\n\t\t\t\t<div class=\"elementor-widget-container\">\n\t\t\t\t\t\t\t\t\t\t\t\t\t\t\t<img decoding=\"async\" width=\"800\" height=\"800\" src=\"https:\/\/www.interninow.it\/wp-content\/uploads\/2023\/11\/Vitra-Wiggle-side-1024x1024.jpg\" class=\"attachment-large size-large wp-image-25386\" alt=\"\" srcset=\"https:\/\/www.interninow.it\/wp-content\/uploads\/2023\/11\/Vitra-Wiggle-side-1024x1024.jpg 1024w, https:\/\/www.interninow.it\/wp-content\/uploads\/2023\/11\/Vitra-Wiggle-side-500x500.jpg 500w, https:\/\/www.interninow.it\/wp-content\/uploads\/2023\/11\/Vitra-Wiggle-side-100x100.jpg 100w, https:\/\/www.interninow.it\/wp-content\/uploads\/2023\/11\/Vitra-Wiggle-side-700x700.jpg 700w, https:\/\/www.interninow.it\/wp-content\/uploads\/2023\/11\/Vitra-Wiggle-side-300x300.jpg 300w, https:\/\/www.interninow.it\/wp-content\/uploads\/2023\/11\/Vitra-Wiggle-side-150x150.jpg 150w, https:\/\/www.interninow.it\/wp-content\/uploads\/2023\/11\/Vitra-Wiggle-side-768x768.jpg 768w, https:\/\/www.interninow.it\/wp-content\/uploads\/2023\/11\/Vitra-Wiggle-side.jpg 1400w\" sizes=\"(max-width: 800px) 100vw, 800px\" title=\"\">\t\t\t\t\t\t\t\t\t\t\t\t\t\t\t<\/div>\n\t\t\t\t<\/div>\n\t\t\t\t\t<\/div>\n\t\t<\/div>\n\t\t\t\t<div class=\"elementor-column elementor-col-50 elementor-inner-column elementor-element elementor-element-4c3d7d7\" data-id=\"4c3d7d7\" data-element_type=\"column\" data-e-type=\"column\">\n\t\t\t<div class=\"elementor-widget-wrap elementor-element-populated\">\n\t\t\t\t\t\t<div class=\"elementor-element elementor-element-76cfcf3 elementor-widget elementor-widget-heading\" data-id=\"76cfcf3\" data-element_type=\"widget\" data-e-type=\"widget\" data-widget_type=\"heading.default\">\n\t\t\t\t<div class=\"elementor-widget-container\">\n\t\t\t\t\t<h2 class=\"elementor-heading-title elementor-size-default\"><b>L\u2019ORDINARIO CHE DIVENTA STRAORDINARIO <\/b><br>Vitra, Wiggle<\/h2>\t\t\t\t<\/div>\n\t\t\t\t<\/div>\n\t\t\t\t<div class=\"elementor-element elementor-element-a79166b elementor-widget elementor-widget-text-editor\" data-id=\"a79166b\" data-element_type=\"widget\" data-e-type=\"widget\" data-widget_type=\"text-editor.default\">\n\t\t\t\t<div class=\"elementor-widget-container\">\n\t\t\t\t\t\t\t\t\t<p>La &#8220;<strong>Vitra Wiggle Side Chair<\/strong>&#8221; \u00e8 un&#8217;importante creazione del designer e architetto <strong>Frank Gehry<\/strong>, nota per il suo design unico e distintivo, realizzato piegando e incollando strati di cartone corrugato.<\/p><p>Questa sedia \u00e8 un esempio della capacit\u00e0 di <strong>Frank Gehry<\/strong> di sfidare le convenzioni del design e di sperimentare con materiali inusuali e processi di produzione particolari per creare pezzi di arredamento unici.<\/p>\t\t\t\t\t\t\t\t<\/div>\n\t\t\t\t<\/div>\n\t\t\t\t\t<\/div>\n\t\t<\/div>\n\t\t\t\t\t<\/div>\n\t\t<\/section>\n\t\t\t\t<div class=\"elementor-element elementor-element-eda5c37 elementor-widget elementor-widget-spacer\" data-id=\"eda5c37\" data-element_type=\"widget\" data-e-type=\"widget\" data-widget_type=\"spacer.default\">\n\t\t\t\t<div class=\"elementor-widget-container\">\n\t\t\t\t\t\t\t<div class=\"elementor-spacer\">\n\t\t\t<div class=\"elementor-spacer-inner\"><\/div>\n\t\t<\/div>\n\t\t\t\t\t\t<\/div>\n\t\t\t\t<\/div>\n\t\t\t\t<section class=\"elementor-section elementor-inner-section elementor-element elementor-element-2d2d2bd elementor-reverse-mobile elementor-section-boxed elementor-section-height-default elementor-section-height-default\" data-id=\"2d2d2bd\" data-element_type=\"section\" data-e-type=\"section\">\n\t\t\t\t\t\t<div class=\"elementor-container elementor-column-gap-default\">\n\t\t\t\t\t<div class=\"elementor-column elementor-col-50 elementor-inner-column elementor-element elementor-element-991f214\" data-id=\"991f214\" data-element_type=\"column\" data-e-type=\"column\">\n\t\t\t<div class=\"elementor-widget-wrap elementor-element-populated\">\n\t\t\t\t\t\t<div class=\"elementor-element elementor-element-496377f elementor-widget elementor-widget-heading\" data-id=\"496377f\" data-element_type=\"widget\" data-e-type=\"widget\" data-widget_type=\"heading.default\">\n\t\t\t\t<div class=\"elementor-widget-container\">\n\t\t\t\t\t<h2 class=\"elementor-heading-title elementor-size-default\"><b>SCULTOREA <\/b><br>Cappellini, S chair<\/h2>\t\t\t\t<\/div>\n\t\t\t\t<\/div>\n\t\t\t\t<div class=\"elementor-element elementor-element-8b342eb elementor-widget elementor-widget-text-editor\" data-id=\"8b342eb\" data-element_type=\"widget\" data-e-type=\"widget\" data-widget_type=\"text-editor.default\">\n\t\t\t\t<div class=\"elementor-widget-container\">\n\t\t\t\t\t\t\t\t\t<p>La classica <strong>S-Chair di Tom Dixon<\/strong> \u00e8 un esempio di prodotto artigianale che \u00e8 stato trasformato in un vero successo industriale pur mantenendo le sue qualit\u00e0 originali. Rappresentativo del design moderno, si trova nelle mostre permanenti dei pi\u00f9 grandi musei del mondo, come il <strong>MoMa di New York<\/strong> e la <strong>Triennale di Milano<\/strong>.<\/p><p>La classica S-Chair originale era rivestita in paglia di palude, e altre varianti includono vimini o rivestimento fisso in una variet\u00e0 di scelte di pelle e tessuto.<\/p><p>Impossibile non trovarne una adatta ad ogni interior!<\/p>\t\t\t\t\t\t\t\t<\/div>\n\t\t\t\t<\/div>\n\t\t\t\t\t<\/div>\n\t\t<\/div>\n\t\t\t\t<div class=\"elementor-column elementor-col-50 elementor-inner-column elementor-element elementor-element-18059bb\" data-id=\"18059bb\" data-element_type=\"column\" data-e-type=\"column\">\n\t\t\t<div class=\"elementor-widget-wrap elementor-element-populated\">\n\t\t\t\t\t\t<div class=\"elementor-element elementor-element-15e5db0 elementor-widget elementor-widget-image\" data-id=\"15e5db0\" data-element_type=\"widget\" data-e-type=\"widget\" data-widget_type=\"image.default\">\n\t\t\t\t<div class=\"elementor-widget-container\">\n\t\t\t\t\t\t\t\t\t\t\t\t\t\t\t<img decoding=\"async\" width=\"800\" height=\"800\" src=\"https:\/\/www.interninow.it\/wp-content\/uploads\/2023\/11\/Cappellini_S-chair-1024x1024.jpg\" class=\"attachment-large size-large wp-image-25388\" alt=\"Cappellini_S-chair\" srcset=\"https:\/\/www.interninow.it\/wp-content\/uploads\/2023\/11\/Cappellini_S-chair-1024x1024.jpg 1024w, https:\/\/www.interninow.it\/wp-content\/uploads\/2023\/11\/Cappellini_S-chair-500x500.jpg 500w, https:\/\/www.interninow.it\/wp-content\/uploads\/2023\/11\/Cappellini_S-chair-100x100.jpg 100w, https:\/\/www.interninow.it\/wp-content\/uploads\/2023\/11\/Cappellini_S-chair-700x700.jpg 700w, https:\/\/www.interninow.it\/wp-content\/uploads\/2023\/11\/Cappellini_S-chair-300x300.jpg 300w, https:\/\/www.interninow.it\/wp-content\/uploads\/2023\/11\/Cappellini_S-chair-150x150.jpg 150w, https:\/\/www.interninow.it\/wp-content\/uploads\/2023\/11\/Cappellini_S-chair-768x768.jpg 768w, https:\/\/www.interninow.it\/wp-content\/uploads\/2023\/11\/Cappellini_S-chair.jpg 1400w\" sizes=\"(max-width: 800px) 100vw, 800px\" title=\"\">\t\t\t\t\t\t\t\t\t\t\t\t\t\t\t<\/div>\n\t\t\t\t<\/div>\n\t\t\t\t\t<\/div>\n\t\t<\/div>\n\t\t\t\t\t<\/div>\n\t\t<\/section>\n\t\t\t\t<div class=\"elementor-element elementor-element-b928e8d elementor-widget elementor-widget-spacer\" data-id=\"b928e8d\" data-element_type=\"widget\" data-e-type=\"widget\" data-widget_type=\"spacer.default\">\n\t\t\t\t<div class=\"elementor-widget-container\">\n\t\t\t\t\t\t\t<div class=\"elementor-spacer\">\n\t\t\t<div class=\"elementor-spacer-inner\"><\/div>\n\t\t<\/div>\n\t\t\t\t\t\t<\/div>\n\t\t\t\t<\/div>\n\t\t\t\t<section class=\"elementor-section elementor-inner-section elementor-element elementor-element-67debca elementor-section-boxed elementor-section-height-default elementor-section-height-default\" data-id=\"67debca\" data-element_type=\"section\" data-e-type=\"section\">\n\t\t\t\t\t\t<div class=\"elementor-container elementor-column-gap-default\">\n\t\t\t\t\t<div class=\"elementor-column elementor-col-50 elementor-inner-column elementor-element elementor-element-1a42435\" data-id=\"1a42435\" data-element_type=\"column\" data-e-type=\"column\">\n\t\t\t<div class=\"elementor-widget-wrap elementor-element-populated\">\n\t\t\t\t\t\t<div class=\"elementor-element elementor-element-1e67a2c elementor-widget elementor-widget-image\" data-id=\"1e67a2c\" data-element_type=\"widget\" data-e-type=\"widget\" data-widget_type=\"image.default\">\n\t\t\t\t<div class=\"elementor-widget-container\">\n\t\t\t\t\t\t\t\t\t\t\t\t\t\t\t<img decoding=\"async\" width=\"800\" height=\"800\" src=\"https:\/\/www.interninow.it\/wp-content\/uploads\/2023\/11\/Fritz-Hansen-Drop-1024x1024.jpg\" class=\"attachment-large size-large wp-image-25390\" alt=\"Fritz Hansen-Drop\" srcset=\"https:\/\/www.interninow.it\/wp-content\/uploads\/2023\/11\/Fritz-Hansen-Drop-1024x1024.jpg 1024w, https:\/\/www.interninow.it\/wp-content\/uploads\/2023\/11\/Fritz-Hansen-Drop-500x500.jpg 500w, https:\/\/www.interninow.it\/wp-content\/uploads\/2023\/11\/Fritz-Hansen-Drop-100x100.jpg 100w, https:\/\/www.interninow.it\/wp-content\/uploads\/2023\/11\/Fritz-Hansen-Drop-700x700.jpg 700w, https:\/\/www.interninow.it\/wp-content\/uploads\/2023\/11\/Fritz-Hansen-Drop-300x300.jpg 300w, https:\/\/www.interninow.it\/wp-content\/uploads\/2023\/11\/Fritz-Hansen-Drop-150x150.jpg 150w, https:\/\/www.interninow.it\/wp-content\/uploads\/2023\/11\/Fritz-Hansen-Drop-768x768.jpg 768w, https:\/\/www.interninow.it\/wp-content\/uploads\/2023\/11\/Fritz-Hansen-Drop.jpg 1400w\" sizes=\"(max-width: 800px) 100vw, 800px\" title=\"\">\t\t\t\t\t\t\t\t\t\t\t\t\t\t\t<\/div>\n\t\t\t\t<\/div>\n\t\t\t\t\t<\/div>\n\t\t<\/div>\n\t\t\t\t<div class=\"elementor-column elementor-col-50 elementor-inner-column elementor-element elementor-element-b6e0216\" data-id=\"b6e0216\" data-element_type=\"column\" data-e-type=\"column\">\n\t\t\t<div class=\"elementor-widget-wrap elementor-element-populated\">\n\t\t\t\t\t\t<div class=\"elementor-element elementor-element-5676c1f elementor-widget elementor-widget-heading\" data-id=\"5676c1f\" data-element_type=\"widget\" data-e-type=\"widget\" data-widget_type=\"heading.default\">\n\t\t\t\t<div class=\"elementor-widget-container\">\n\t\t\t\t\t<h2 class=\"elementor-heading-title elementor-size-default\"><b>DIVERTENTE <\/b><br>Fritz Hansen, Drop<\/h2>\t\t\t\t<\/div>\n\t\t\t\t<\/div>\n\t\t\t\t<div class=\"elementor-element elementor-element-2516ed8 elementor-widget elementor-widget-text-editor\" data-id=\"2516ed8\" data-element_type=\"widget\" data-e-type=\"widget\" data-widget_type=\"text-editor.default\">\n\t\t\t\t<div class=\"elementor-widget-container\">\n\t\t\t\t\t\t\t\t\t<p>La sedia <strong>Drop<\/strong> (in danese: Dr\u00e5ben) \u00e8 una creazione iconica del designer danese <strong>Arne Jacobsen<\/strong> ed \u00e8 chiamata cos\u00ec per la sua forma a goccia distintiva.<\/p><p><em>Fun fact<\/em>: era originariamente destinata all&#8217;uso nel Radisson Blu Royal Hotel di Copenaghen, in Danimarca, dove Jacobsen ha progettato l&#8217;intero interno; oggi il suo design sinuoso e la sua versatilit\u00e0 ne fanno un pezzo di design amato da appassionati di arredamento in tutto il mondo.<\/p>\t\t\t\t\t\t\t\t<\/div>\n\t\t\t\t<\/div>\n\t\t\t\t\t<\/div>\n\t\t<\/div>\n\t\t\t\t\t<\/div>\n\t\t<\/section>\n\t\t\t\t<div class=\"elementor-element elementor-element-7c2c297 elementor-widget elementor-widget-spacer\" data-id=\"7c2c297\" data-element_type=\"widget\" data-e-type=\"widget\" data-widget_type=\"spacer.default\">\n\t\t\t\t<div class=\"elementor-widget-container\">\n\t\t\t\t\t\t\t<div class=\"elementor-spacer\">\n\t\t\t<div class=\"elementor-spacer-inner\"><\/div>\n\t\t<\/div>\n\t\t\t\t\t\t<\/div>\n\t\t\t\t<\/div>\n\t\t\t\t<section class=\"elementor-section elementor-inner-section elementor-element elementor-element-2cc0dd0 elementor-reverse-mobile elementor-section-boxed elementor-section-height-default elementor-section-height-default\" data-id=\"2cc0dd0\" data-element_type=\"section\" data-e-type=\"section\">\n\t\t\t\t\t\t<div class=\"elementor-container elementor-column-gap-default\">\n\t\t\t\t\t<div class=\"elementor-column elementor-col-50 elementor-inner-column elementor-element elementor-element-914e397\" data-id=\"914e397\" data-element_type=\"column\" data-e-type=\"column\">\n\t\t\t<div class=\"elementor-widget-wrap elementor-element-populated\">\n\t\t\t\t\t\t<div class=\"elementor-element elementor-element-02afe18 elementor-widget elementor-widget-heading\" data-id=\"02afe18\" data-element_type=\"widget\" data-e-type=\"widget\" data-widget_type=\"heading.default\">\n\t\t\t\t<div class=\"elementor-widget-container\">\n\t\t\t\t\t<h2 class=\"elementor-heading-title elementor-size-default\"><b>IN METALLO <\/b><br>Knoll, Platner<\/h2>\t\t\t\t<\/div>\n\t\t\t\t<\/div>\n\t\t\t\t<div class=\"elementor-element elementor-element-c7d76ca elementor-widget elementor-widget-text-editor\" data-id=\"c7d76ca\" data-element_type=\"widget\" data-e-type=\"widget\" data-widget_type=\"text-editor.default\">\n\t\t\t\t<div class=\"elementor-widget-container\">\n\t\t\t\t\t\t\t\t\t<p>La caratteristica pi\u00f9 riconoscibile della sedia <strong>Platner<\/strong> \u00e8 la sua base composta da una serie di anelli o cerchi di filo metallico saldati insieme in modo intricato; questo design crea una struttura aperta e leggera, che contrasta con il tipico aspetto \u201cpesante\u201d dei mobili realizzati nello stesso materiale.<\/p><p>Il suo uso creativo del metallo, unito a una sensibilit\u00e0 estetica distintiva, la rende una delle sedie pi\u00f9 riconoscibili e amate nel mondo del design d&#8217;interni.<\/p>\t\t\t\t\t\t\t\t<\/div>\n\t\t\t\t<\/div>\n\t\t\t\t\t<\/div>\n\t\t<\/div>\n\t\t\t\t<div class=\"elementor-column elementor-col-50 elementor-inner-column elementor-element elementor-element-7ebb95c\" data-id=\"7ebb95c\" data-element_type=\"column\" data-e-type=\"column\">\n\t\t\t<div class=\"elementor-widget-wrap elementor-element-populated\">\n\t\t\t\t\t\t<div class=\"elementor-element elementor-element-526ad60 elementor-widget elementor-widget-image\" data-id=\"526ad60\" data-element_type=\"widget\" data-e-type=\"widget\" data-widget_type=\"image.default\">\n\t\t\t\t<div class=\"elementor-widget-container\">\n\t\t\t\t\t\t\t\t\t\t\t\t\t\t\t<img decoding=\"async\" width=\"800\" height=\"800\" src=\"https:\/\/www.interninow.it\/wp-content\/uploads\/2023\/11\/Knoll-Platner-1024x1024.jpg\" class=\"attachment-large size-large wp-image-25392\" alt=\"\" srcset=\"https:\/\/www.interninow.it\/wp-content\/uploads\/2023\/11\/Knoll-Platner-1024x1024.jpg 1024w, https:\/\/www.interninow.it\/wp-content\/uploads\/2023\/11\/Knoll-Platner-500x500.jpg 500w, https:\/\/www.interninow.it\/wp-content\/uploads\/2023\/11\/Knoll-Platner-100x100.jpg 100w, https:\/\/www.interninow.it\/wp-content\/uploads\/2023\/11\/Knoll-Platner-700x700.jpg 700w, https:\/\/www.interninow.it\/wp-content\/uploads\/2023\/11\/Knoll-Platner-300x300.jpg 300w, https:\/\/www.interninow.it\/wp-content\/uploads\/2023\/11\/Knoll-Platner-150x150.jpg 150w, https:\/\/www.interninow.it\/wp-content\/uploads\/2023\/11\/Knoll-Platner-768x768.jpg 768w, https:\/\/www.interninow.it\/wp-content\/uploads\/2023\/11\/Knoll-Platner.jpg 1400w\" sizes=\"(max-width: 800px) 100vw, 800px\" title=\"\">\t\t\t\t\t\t\t\t\t\t\t\t\t\t\t<\/div>\n\t\t\t\t<\/div>\n\t\t\t\t\t<\/div>\n\t\t<\/div>\n\t\t\t\t\t<\/div>\n\t\t<\/section>\n\t\t\t\t<div class=\"elementor-element elementor-element-f220893 elementor-widget elementor-widget-spacer\" data-id=\"f220893\" data-element_type=\"widget\" data-e-type=\"widget\" data-widget_type=\"spacer.default\">\n\t\t\t\t<div class=\"elementor-widget-container\">\n\t\t\t\t\t\t\t<div class=\"elementor-spacer\">\n\t\t\t<div class=\"elementor-spacer-inner\"><\/div>\n\t\t<\/div>\n\t\t\t\t\t\t<\/div>\n\t\t\t\t<\/div>\n\t\t\t\t<section class=\"elementor-section elementor-inner-section elementor-element elementor-element-ff66edb elementor-section-boxed elementor-section-height-default elementor-section-height-default\" data-id=\"ff66edb\" data-element_type=\"section\" data-e-type=\"section\">\n\t\t\t\t\t\t<div class=\"elementor-container elementor-column-gap-default\">\n\t\t\t\t\t<div class=\"elementor-column elementor-col-50 elementor-inner-column elementor-element elementor-element-119c480\" data-id=\"119c480\" data-element_type=\"column\" data-e-type=\"column\">\n\t\t\t<div class=\"elementor-widget-wrap elementor-element-populated\">\n\t\t\t\t\t\t<div class=\"elementor-element elementor-element-1870710 elementor-widget elementor-widget-image\" data-id=\"1870710\" data-element_type=\"widget\" data-e-type=\"widget\" data-widget_type=\"image.default\">\n\t\t\t\t<div class=\"elementor-widget-container\">\n\t\t\t\t\t\t\t\t\t\t\t\t\t\t\t<img decoding=\"async\" width=\"800\" height=\"800\" src=\"https:\/\/www.interninow.it\/wp-content\/uploads\/2023\/11\/Kartell-Victoria-Ghost-1024x1024.jpg\" class=\"attachment-large size-large wp-image-25394\" alt=\"\" srcset=\"https:\/\/www.interninow.it\/wp-content\/uploads\/2023\/11\/Kartell-Victoria-Ghost-1024x1024.jpg 1024w, https:\/\/www.interninow.it\/wp-content\/uploads\/2023\/11\/Kartell-Victoria-Ghost-500x500.jpg 500w, https:\/\/www.interninow.it\/wp-content\/uploads\/2023\/11\/Kartell-Victoria-Ghost-100x100.jpg 100w, https:\/\/www.interninow.it\/wp-content\/uploads\/2023\/11\/Kartell-Victoria-Ghost-700x700.jpg 700w, https:\/\/www.interninow.it\/wp-content\/uploads\/2023\/11\/Kartell-Victoria-Ghost-300x300.jpg 300w, https:\/\/www.interninow.it\/wp-content\/uploads\/2023\/11\/Kartell-Victoria-Ghost-150x150.jpg 150w, https:\/\/www.interninow.it\/wp-content\/uploads\/2023\/11\/Kartell-Victoria-Ghost-768x768.jpg 768w, https:\/\/www.interninow.it\/wp-content\/uploads\/2023\/11\/Kartell-Victoria-Ghost.jpg 1400w\" sizes=\"(max-width: 800px) 100vw, 800px\" title=\"\">\t\t\t\t\t\t\t\t\t\t\t\t\t\t\t<\/div>\n\t\t\t\t<\/div>\n\t\t\t\t\t<\/div>\n\t\t<\/div>\n\t\t\t\t<div class=\"elementor-column elementor-col-50 elementor-inner-column elementor-element elementor-element-d9ce5e4\" data-id=\"d9ce5e4\" data-element_type=\"column\" data-e-type=\"column\">\n\t\t\t<div class=\"elementor-widget-wrap elementor-element-populated\">\n\t\t\t\t\t\t<div class=\"elementor-element elementor-element-9aa8d37 elementor-widget elementor-widget-heading\" data-id=\"9aa8d37\" data-element_type=\"widget\" data-e-type=\"widget\" data-widget_type=\"heading.default\">\n\t\t\t\t<div class=\"elementor-widget-container\">\n\t\t\t\t\t<h2 class=\"elementor-heading-title elementor-size-default\"><b>TRASPARENTE <\/b><br>Kartell, Victoria Ghost<\/h2>\t\t\t\t<\/div>\n\t\t\t\t<\/div>\n\t\t\t\t<div class=\"elementor-element elementor-element-892a719 elementor-widget elementor-widget-text-editor\" data-id=\"892a719\" data-element_type=\"widget\" data-e-type=\"widget\" data-widget_type=\"text-editor.default\">\n\t\t\t\t<div class=\"elementor-widget-container\">\n\t\t\t\t\t\t\t\t\t<p>La sedia <strong>Victoria Ghost di Kartell<\/strong> \u00e8 un esempio di design contemporaneo che unisce l&#8217;eleganza del passato con l&#8217;innovazione dei materiali moderni.<\/p><p><strong>Philippe Stark<\/strong>, il designer che l\u2019ha firmata, si \u00e8 ispirato alle classiche sedie in stile &#8220;Luigi XVI&#8221;, caratterizzate da linee eleganti e curve ma, grazie alla sua trasparenza, ha ricreato un effetto visivo unico, che la fa sembrare quasi sospesa nell\u2019aria e permette di dare un tocco di modernit\u00e0 e leggerezza a qualsiasi ambiente.<\/p>\t\t\t\t\t\t\t\t<\/div>\n\t\t\t\t<\/div>\n\t\t\t\t\t<\/div>\n\t\t<\/div>\n\t\t\t\t\t<\/div>\n\t\t<\/section>\n\t\t\t\t<div class=\"elementor-element elementor-element-5ee36a0 elementor-widget elementor-widget-spacer\" data-id=\"5ee36a0\" data-element_type=\"widget\" data-e-type=\"widget\" data-widget_type=\"spacer.default\">\n\t\t\t\t<div class=\"elementor-widget-container\">\n\t\t\t\t\t\t\t<div class=\"elementor-spacer\">\n\t\t\t<div class=\"elementor-spacer-inner\"><\/div>\n\t\t<\/div>\n\t\t\t\t\t\t<\/div>\n\t\t\t\t<\/div>\n\t\t\t\t<section class=\"elementor-section elementor-inner-section elementor-element elementor-element-b7c8880 elementor-reverse-mobile elementor-section-boxed elementor-section-height-default elementor-section-height-default\" data-id=\"b7c8880\" data-element_type=\"section\" data-e-type=\"section\">\n\t\t\t\t\t\t<div class=\"elementor-container elementor-column-gap-default\">\n\t\t\t\t\t<div class=\"elementor-column elementor-col-50 elementor-inner-column elementor-element elementor-element-d7cddc6\" data-id=\"d7cddc6\" data-element_type=\"column\" data-e-type=\"column\">\n\t\t\t<div class=\"elementor-widget-wrap elementor-element-populated\">\n\t\t\t\t\t\t<div class=\"elementor-element elementor-element-1fd5412 elementor-widget elementor-widget-heading\" data-id=\"1fd5412\" data-element_type=\"widget\" data-e-type=\"widget\" data-widget_type=\"heading.default\">\n\t\t\t\t<div class=\"elementor-widget-container\">\n\t\t\t\t\t<h2 class=\"elementor-heading-title elementor-size-default\"><b>ESTROSA <\/b><br>Edra, Blue Velvet<\/h2>\t\t\t\t<\/div>\n\t\t\t\t<\/div>\n\t\t\t\t<div class=\"elementor-element elementor-element-f3c71a7 elementor-widget elementor-widget-text-editor\" data-id=\"f3c71a7\" data-element_type=\"widget\" data-e-type=\"widget\" data-widget_type=\"text-editor.default\">\n\t\t\t\t<div class=\"elementor-widget-container\">\n\t\t\t\t\t\t\t\t\t<p>La sedia Blue Velvet di Edra \u00e8 un esempio di come il design possa essere una forma di espressione artistica, oltre che funzionale.<\/p><p>Caratterizzata da una forma organica che ricorda quella di un fiore, questa sedia rappresenta l&#8217;incontro tra il mondo dell&#8217;arte e dell&#8217;artigianato, offrendo un pezzo di arredamento eccezionale per gli amanti del design di alta gamma.<\/p>\t\t\t\t\t\t\t\t<\/div>\n\t\t\t\t<\/div>\n\t\t\t\t\t<\/div>\n\t\t<\/div>\n\t\t\t\t<div class=\"elementor-column elementor-col-50 elementor-inner-column elementor-element elementor-element-b868acf\" data-id=\"b868acf\" data-element_type=\"column\" data-e-type=\"column\">\n\t\t\t<div class=\"elementor-widget-wrap elementor-element-populated\">\n\t\t\t\t\t\t<div class=\"elementor-element elementor-element-5e464ea elementor-widget elementor-widget-image\" data-id=\"5e464ea\" data-element_type=\"widget\" data-e-type=\"widget\" data-widget_type=\"image.default\">\n\t\t\t\t<div class=\"elementor-widget-container\">\n\t\t\t\t\t\t\t\t\t\t\t\t\t\t\t<img decoding=\"async\" width=\"800\" height=\"800\" src=\"https:\/\/www.interninow.it\/wp-content\/uploads\/2023\/11\/Edra-Blue-Velvet-1024x1024.jpg\" class=\"attachment-large size-large wp-image-25396\" alt=\"\" srcset=\"https:\/\/www.interninow.it\/wp-content\/uploads\/2023\/11\/Edra-Blue-Velvet-1024x1024.jpg 1024w, https:\/\/www.interninow.it\/wp-content\/uploads\/2023\/11\/Edra-Blue-Velvet-500x500.jpg 500w, https:\/\/www.interninow.it\/wp-content\/uploads\/2023\/11\/Edra-Blue-Velvet-100x100.jpg 100w, https:\/\/www.interninow.it\/wp-content\/uploads\/2023\/11\/Edra-Blue-Velvet-700x700.jpg 700w, https:\/\/www.interninow.it\/wp-content\/uploads\/2023\/11\/Edra-Blue-Velvet-300x300.jpg 300w, https:\/\/www.interninow.it\/wp-content\/uploads\/2023\/11\/Edra-Blue-Velvet-150x150.jpg 150w, https:\/\/www.interninow.it\/wp-content\/uploads\/2023\/11\/Edra-Blue-Velvet-768x768.jpg 768w, https:\/\/www.interninow.it\/wp-content\/uploads\/2023\/11\/Edra-Blue-Velvet.jpg 1400w\" sizes=\"(max-width: 800px) 100vw, 800px\" title=\"\">\t\t\t\t\t\t\t\t\t\t\t\t\t\t\t<\/div>\n\t\t\t\t<\/div>\n\t\t\t\t\t<\/div>\n\t\t<\/div>\n\t\t\t\t\t<\/div>\n\t\t<\/section>\n\t\t\t\t<div class=\"elementor-element elementor-element-8e9c1fc elementor-widget elementor-widget-spacer\" data-id=\"8e9c1fc\" data-element_type=\"widget\" data-e-type=\"widget\" data-widget_type=\"spacer.default\">\n\t\t\t\t<div class=\"elementor-widget-container\">\n\t\t\t\t\t\t\t<div class=\"elementor-spacer\">\n\t\t\t<div class=\"elementor-spacer-inner\"><\/div>\n\t\t<\/div>\n\t\t\t\t\t\t<\/div>\n\t\t\t\t<\/div>\n\t\t\t\t<section class=\"elementor-section elementor-inner-section elementor-element elementor-element-e05ed88 elementor-section-boxed elementor-section-height-default elementor-section-height-default\" data-id=\"e05ed88\" data-element_type=\"section\" data-e-type=\"section\">\n\t\t\t\t\t\t<div class=\"elementor-container elementor-column-gap-default\">\n\t\t\t\t\t<div class=\"elementor-column elementor-col-50 elementor-inner-column elementor-element elementor-element-76a127a\" data-id=\"76a127a\" data-element_type=\"column\" data-e-type=\"column\">\n\t\t\t<div class=\"elementor-widget-wrap elementor-element-populated\">\n\t\t\t\t\t\t<div class=\"elementor-element elementor-element-32c6960 elementor-widget elementor-widget-image\" data-id=\"32c6960\" data-element_type=\"widget\" data-e-type=\"widget\" data-widget_type=\"image.default\">\n\t\t\t\t<div class=\"elementor-widget-container\">\n\t\t\t\t\t\t\t\t\t\t\t\t\t\t\t<img decoding=\"async\" width=\"800\" height=\"800\" src=\"https:\/\/www.interninow.it\/wp-content\/uploads\/2023\/11\/Ginger-Poltrona-Frau-1024x1024.jpg\" class=\"attachment-large size-large wp-image-25398\" alt=\"Ginger-Poltrona Frau\" srcset=\"https:\/\/www.interninow.it\/wp-content\/uploads\/2023\/11\/Ginger-Poltrona-Frau-1024x1024.jpg 1024w, https:\/\/www.interninow.it\/wp-content\/uploads\/2023\/11\/Ginger-Poltrona-Frau-500x500.jpg 500w, https:\/\/www.interninow.it\/wp-content\/uploads\/2023\/11\/Ginger-Poltrona-Frau-100x100.jpg 100w, https:\/\/www.interninow.it\/wp-content\/uploads\/2023\/11\/Ginger-Poltrona-Frau-700x700.jpg 700w, https:\/\/www.interninow.it\/wp-content\/uploads\/2023\/11\/Ginger-Poltrona-Frau-300x300.jpg 300w, https:\/\/www.interninow.it\/wp-content\/uploads\/2023\/11\/Ginger-Poltrona-Frau-150x150.jpg 150w, https:\/\/www.interninow.it\/wp-content\/uploads\/2023\/11\/Ginger-Poltrona-Frau-768x768.jpg 768w, https:\/\/www.interninow.it\/wp-content\/uploads\/2023\/11\/Ginger-Poltrona-Frau.jpg 1400w\" sizes=\"(max-width: 800px) 100vw, 800px\" title=\"\">\t\t\t\t\t\t\t\t\t\t\t\t\t\t\t<\/div>\n\t\t\t\t<\/div>\n\t\t\t\t\t<\/div>\n\t\t<\/div>\n\t\t\t\t<div class=\"elementor-column elementor-col-50 elementor-inner-column elementor-element elementor-element-e06b032\" data-id=\"e06b032\" data-element_type=\"column\" data-e-type=\"column\">\n\t\t\t<div class=\"elementor-widget-wrap elementor-element-populated\">\n\t\t\t\t\t\t<div class=\"elementor-element elementor-element-e77091c elementor-widget elementor-widget-heading\" data-id=\"e77091c\" data-element_type=\"widget\" data-e-type=\"widget\" data-widget_type=\"heading.default\">\n\t\t\t\t<div class=\"elementor-widget-container\">\n\t\t\t\t\t<h2 class=\"elementor-heading-title elementor-size-default\"><b>GIREVOLE <\/b><br>Poltrona Frau, Ginger<\/h2>\t\t\t\t<\/div>\n\t\t\t\t<\/div>\n\t\t\t\t<div class=\"elementor-element elementor-element-4121068 elementor-widget elementor-widget-text-editor\" data-id=\"4121068\" data-element_type=\"widget\" data-e-type=\"widget\" data-widget_type=\"text-editor.default\">\n\t\t\t\t<div class=\"elementor-widget-container\">\n\t\t\t\t\t\t\t\t\t<p>La poltroncina girevole <strong>Ginger di Poltrona Frau<\/strong> \u00e8 un esempio di design italiano sofisticato e artigianato di alta qualit\u00e0.<\/p><p>\u00c8 una sedia elegante e versatile che si adatta bene a una variet\u00e0 di ambienti e stili di arredamento, offrendo sia estetica che comfort di alto livello.<\/p>\t\t\t\t\t\t\t\t<\/div>\n\t\t\t\t<\/div>\n\t\t\t\t\t<\/div>\n\t\t<\/div>\n\t\t\t\t\t<\/div>\n\t\t<\/section>\n\t\t\t\t<div class=\"elementor-element elementor-element-c9baa44 elementor-widget elementor-widget-spacer\" data-id=\"c9baa44\" data-element_type=\"widget\" data-e-type=\"widget\" data-widget_type=\"spacer.default\">\n\t\t\t\t<div class=\"elementor-widget-container\">\n\t\t\t\t\t\t\t<div class=\"elementor-spacer\">\n\t\t\t<div class=\"elementor-spacer-inner\"><\/div>\n\t\t<\/div>\n\t\t\t\t\t\t<\/div>\n\t\t\t\t<\/div>\n\t\t\t\t<section class=\"elementor-section elementor-inner-section elementor-element elementor-element-1d64e86 elementor-reverse-mobile elementor-section-boxed elementor-section-height-default elementor-section-height-default\" data-id=\"1d64e86\" data-element_type=\"section\" data-e-type=\"section\">\n\t\t\t\t\t\t<div class=\"elementor-container elementor-column-gap-default\">\n\t\t\t\t\t<div class=\"elementor-column elementor-col-50 elementor-inner-column elementor-element elementor-element-bc03513\" data-id=\"bc03513\" data-element_type=\"column\" data-e-type=\"column\">\n\t\t\t<div class=\"elementor-widget-wrap elementor-element-populated\">\n\t\t\t\t\t\t<div class=\"elementor-element elementor-element-b50e38c elementor-widget elementor-widget-heading\" data-id=\"b50e38c\" data-element_type=\"widget\" data-e-type=\"widget\" data-widget_type=\"heading.default\">\n\t\t\t\t<div class=\"elementor-widget-container\">\n\t\t\t\t\t<h2 class=\"elementor-heading-title elementor-size-default\"><b>VERSATILE <\/b><br>Flou, Servomuto<\/h2>\t\t\t\t<\/div>\n\t\t\t\t<\/div>\n\t\t\t\t<div class=\"elementor-element elementor-element-ee5f27c elementor-widget elementor-widget-text-editor\" data-id=\"ee5f27c\" data-element_type=\"widget\" data-e-type=\"widget\" data-widget_type=\"text-editor.default\">\n\t\t\t\t<div class=\"elementor-widget-container\">\n\t\t\t\t\t\t\t\t\t<p>Il <strong>Servomuto di Flou<\/strong> \u00e8 un esempio di design italiano sofisticato e funzionale. \u00c8 un pezzo di arredamento che unisce l&#8217;estetica con la praticit\u00e0, offrendo una soluzione elegante all\u2019interno del guardaroba, in camera o nella zona living.<\/p><p>La sua versatilit\u00e0 e il suo design senza tempo lo rendono una scelta popolare tra gli amanti del design d&#8217;interni.<\/p>\t\t\t\t\t\t\t\t<\/div>\n\t\t\t\t<\/div>\n\t\t\t\t\t<\/div>\n\t\t<\/div>\n\t\t\t\t<div class=\"elementor-column elementor-col-50 elementor-inner-column elementor-element elementor-element-4af0db0\" data-id=\"4af0db0\" data-element_type=\"column\" data-e-type=\"column\">\n\t\t\t<div class=\"elementor-widget-wrap elementor-element-populated\">\n\t\t\t\t\t\t<div class=\"elementor-element elementor-element-6afbee7 elementor-widget elementor-widget-image\" data-id=\"6afbee7\" data-element_type=\"widget\" data-e-type=\"widget\" data-widget_type=\"image.default\">\n\t\t\t\t<div class=\"elementor-widget-container\">\n\t\t\t\t\t\t\t\t\t\t\t\t\t\t\t<img decoding=\"async\" width=\"800\" height=\"800\" src=\"https:\/\/www.interninow.it\/wp-content\/uploads\/2023\/11\/Flou-Servomuto-1024x1024.jpg\" class=\"attachment-large size-large wp-image-25400\" alt=\"\" srcset=\"https:\/\/www.interninow.it\/wp-content\/uploads\/2023\/11\/Flou-Servomuto-1024x1024.jpg 1024w, https:\/\/www.interninow.it\/wp-content\/uploads\/2023\/11\/Flou-Servomuto-500x500.jpg 500w, https:\/\/www.interninow.it\/wp-content\/uploads\/2023\/11\/Flou-Servomuto-100x100.jpg 100w, https:\/\/www.interninow.it\/wp-content\/uploads\/2023\/11\/Flou-Servomuto-700x700.jpg 700w, https:\/\/www.interninow.it\/wp-content\/uploads\/2023\/11\/Flou-Servomuto-300x300.jpg 300w, https:\/\/www.interninow.it\/wp-content\/uploads\/2023\/11\/Flou-Servomuto-150x150.jpg 150w, https:\/\/www.interninow.it\/wp-content\/uploads\/2023\/11\/Flou-Servomuto-768x768.jpg 768w, https:\/\/www.interninow.it\/wp-content\/uploads\/2023\/11\/Flou-Servomuto.jpg 1400w\" sizes=\"(max-width: 800px) 100vw, 800px\" title=\"\">\t\t\t\t\t\t\t\t\t\t\t\t\t\t\t<\/div>\n\t\t\t\t<\/div>\n\t\t\t\t\t<\/div>\n\t\t<\/div>\n\t\t\t\t\t<\/div>\n\t\t<\/section>\n\t\t\t\t<div class=\"elementor-element elementor-element-5449322 elementor-widget elementor-widget-spacer\" data-id=\"5449322\" data-element_type=\"widget\" data-e-type=\"widget\" data-widget_type=\"spacer.default\">\n\t\t\t\t<div class=\"elementor-widget-container\">\n\t\t\t\t\t\t\t<div class=\"elementor-spacer\">\n\t\t\t<div class=\"elementor-spacer-inner\"><\/div>\n\t\t<\/div>\n\t\t\t\t\t\t<\/div>\n\t\t\t\t<\/div>\n\t\t\t\t<section class=\"elementor-section elementor-inner-section elementor-element elementor-element-922f971 elementor-section-boxed elementor-section-height-default elementor-section-height-default\" data-id=\"922f971\" data-element_type=\"section\" data-e-type=\"section\">\n\t\t\t\t\t\t<div class=\"elementor-container elementor-column-gap-default\">\n\t\t\t\t\t<div class=\"elementor-column elementor-col-50 elementor-inner-column elementor-element elementor-element-718ee2b\" data-id=\"718ee2b\" data-element_type=\"column\" data-e-type=\"column\">\n\t\t\t<div class=\"elementor-widget-wrap elementor-element-populated\">\n\t\t\t\t\t\t<div class=\"elementor-element elementor-element-e7f4c10 elementor-widget elementor-widget-image\" data-id=\"e7f4c10\" data-element_type=\"widget\" data-e-type=\"widget\" data-widget_type=\"image.default\">\n\t\t\t\t<div class=\"elementor-widget-container\">\n\t\t\t\t\t\t\t\t\t\t\t\t\t\t\t<img decoding=\"async\" width=\"800\" height=\"800\" src=\"https:\/\/www.interninow.it\/wp-content\/uploads\/2023\/11\/Flair-BB-Italia-1024x1024.jpg\" class=\"attachment-large size-large wp-image-25402\" alt=\"Flair-B&amp;B Italia\" srcset=\"https:\/\/www.interninow.it\/wp-content\/uploads\/2023\/11\/Flair-BB-Italia-1024x1024.jpg 1024w, https:\/\/www.interninow.it\/wp-content\/uploads\/2023\/11\/Flair-BB-Italia-500x500.jpg 500w, https:\/\/www.interninow.it\/wp-content\/uploads\/2023\/11\/Flair-BB-Italia-100x100.jpg 100w, https:\/\/www.interninow.it\/wp-content\/uploads\/2023\/11\/Flair-BB-Italia-700x700.jpg 700w, https:\/\/www.interninow.it\/wp-content\/uploads\/2023\/11\/Flair-BB-Italia-300x300.jpg 300w, https:\/\/www.interninow.it\/wp-content\/uploads\/2023\/11\/Flair-BB-Italia-150x150.jpg 150w, https:\/\/www.interninow.it\/wp-content\/uploads\/2023\/11\/Flair-BB-Italia-768x768.jpg 768w, https:\/\/www.interninow.it\/wp-content\/uploads\/2023\/11\/Flair-BB-Italia.jpg 1400w\" sizes=\"(max-width: 800px) 100vw, 800px\" title=\"\">\t\t\t\t\t\t\t\t\t\t\t\t\t\t\t<\/div>\n\t\t\t\t<\/div>\n\t\t\t\t\t<\/div>\n\t\t<\/div>\n\t\t\t\t<div class=\"elementor-column elementor-col-50 elementor-inner-column elementor-element elementor-element-932ee63\" data-id=\"932ee63\" data-element_type=\"column\" data-e-type=\"column\">\n\t\t\t<div class=\"elementor-widget-wrap elementor-element-populated\">\n\t\t\t\t\t\t<div class=\"elementor-element elementor-element-3fc0747 elementor-widget elementor-widget-heading\" data-id=\"3fc0747\" data-element_type=\"widget\" data-e-type=\"widget\" data-widget_type=\"heading.default\">\n\t\t\t\t<div class=\"elementor-widget-container\">\n\t\t\t\t\t<h2 class=\"elementor-heading-title elementor-size-default\"><b>MONOLITICA <\/b><br>B&amp;B Italia, FLair \u2018O<\/h2>\t\t\t\t<\/div>\n\t\t\t\t<\/div>\n\t\t\t\t<div class=\"elementor-element elementor-element-15f6337 elementor-widget elementor-widget-text-editor\" data-id=\"15f6337\" data-element_type=\"widget\" data-e-type=\"widget\" data-widget_type=\"text-editor.default\">\n\t\t\t\t<div class=\"elementor-widget-container\">\n\t\t\t\t\t\t\t\t\t<p>Disponibile nella versione originaria, una Couture ed una per esterno, <strong>Flair \u2018O<\/strong> \u00e8 una sedia di design dal sapore regale.<\/p><p>Disponibile in abbinamento al tavolo che porta lo stesso nome, ha una base a tronco di cono che la sorregge e la eleva, creando un elemento d\u2019arredo dall\u2019aspetto nobile e sontuoso, pur essendo molto lineare e minimale nel design.<\/p><p>Noi la adoriamo, e tu?<\/p>\t\t\t\t\t\t\t\t<\/div>\n\t\t\t\t<\/div>\n\t\t\t\t\t<\/div>\n\t\t<\/div>\n\t\t\t\t\t<\/div>\n\t\t<\/section>\n\t\t\t\t<div class=\"elementor-element elementor-element-56bfe5d elementor-widget elementor-widget-spacer\" data-id=\"56bfe5d\" data-element_type=\"widget\" data-e-type=\"widget\" data-widget_type=\"spacer.default\">\n\t\t\t\t<div class=\"elementor-widget-container\">\n\t\t\t\t\t\t\t<div class=\"elementor-spacer\">\n\t\t\t<div class=\"elementor-spacer-inner\"><\/div>\n\t\t<\/div>\n\t\t\t\t\t\t<\/div>\n\t\t\t\t<\/div>\n\t\t\t\t<div class=\"elementor-element elementor-element-8bd97bf elementor-widget elementor-widget-text-editor\" data-id=\"8bd97bf\" data-element_type=\"widget\" data-e-type=\"widget\" data-widget_type=\"text-editor.default\">\n\t\t\t\t<div class=\"elementor-widget-container\">\n\t\t\t\t\t\t\t\t\t<p>Quelle elencate rappresentano solo una piccola selezione di icone, ma dimostrano come il design delle sedie abbia attraversato diverse epoche e stili, lasciando un&#8217;impronta indelebile nella storia dell\u2019arredo d\u2019interni.<\/p><p>Scegli la tua e contattarci per saperne di pi\u00f9!<\/p>\t\t\t\t\t\t\t\t<\/div>\n\t\t\t\t<\/div>\n\t\t\t\t\t<\/div>\n\t\t<\/div>\n\t\t\t\t\t<\/div>\n\t\t<\/section>\n\t\t\t\t<\/div>\n\t\t","protected":false},"excerpt":{"rendered":"<p>Non \u00e8 la prima volta che parliamo di sedie di design, ma come darci torto? Le sedie offrono un&#8217;opportunit\u00e0 per esprimere il proprio stile e personalit\u00e0 attraverso il design ed il colore; possono essere un elemento di distinzione nell&#8217;arredo di interni e possono contribuire a definire lo stile di un ambiente. La loro importanza e [&hellip;]<\/p>\n","protected":false},"author":44,"featured_media":25048,"comment_status":"closed","ping_status":"closed","sticky":false,"template":"","format":"standard","meta":{"footnotes":""},"categories":[310],"tags":[],"brand":[288,306,307,308,516,266,269,278,282,285],"class_list":["post-25373","post","type-post","status-publish","format-standard","has-post-thumbnail","hentry","category-design-world-it","brand-edra-it","brand-cassina-it","brand-knoll-it","brand-kartell-it","brand-fritz-hansen-it","brand-poltrona-frau-it","brand-bb-italia-it","brand-cappellini-it","brand-flou-it","brand-vitra-it"],"_links":{"self":[{"href":"https:\/\/www.interninow.it\/it\/wp-json\/wp\/v2\/posts\/25373","targetHints":{"allow":["GET"]}}],"collection":[{"href":"https:\/\/www.interninow.it\/it\/wp-json\/wp\/v2\/posts"}],"about":[{"href":"https:\/\/www.interninow.it\/it\/wp-json\/wp\/v2\/types\/post"}],"author":[{"embeddable":true,"href":"https:\/\/www.interninow.it\/it\/wp-json\/wp\/v2\/users\/44"}],"replies":[{"embeddable":true,"href":"https:\/\/www.interninow.it\/it\/wp-json\/wp\/v2\/comments?post=25373"}],"version-history":[{"count":0,"href":"https:\/\/www.interninow.it\/it\/wp-json\/wp\/v2\/posts\/25373\/revisions"}],"wp:featuredmedia":[{"embeddable":true,"href":"https:\/\/www.interninow.it\/it\/wp-json\/wp\/v2\/media\/25048"}],"wp:attachment":[{"href":"https:\/\/www.interninow.it\/it\/wp-json\/wp\/v2\/media?parent=25373"}],"wp:term":[{"taxonomy":"category","embeddable":true,"href":"https:\/\/www.interninow.it\/it\/wp-json\/wp\/v2\/categories?post=25373"},{"taxonomy":"post_tag","embeddable":true,"href":"https:\/\/www.interninow.it\/it\/wp-json\/wp\/v2\/tags?post=25373"},{"taxonomy":"brand","embeddable":true,"href":"https:\/\/www.interninow.it\/it\/wp-json\/wp\/v2\/brand?post=25373"}],"curies":[{"name":"wp","href":"https:\/\/api.w.org\/{rel}","templated":true}]}}