{"id":19647,"date":"2022-06-25T10:01:22","date_gmt":"2022-06-25T08:01:22","guid":{"rendered":"https:\/\/www.intnow.it\/?p=19647"},"modified":"2022-06-27T09:17:31","modified_gmt":"2022-06-27T07:17:31","slug":"7-migliori-tavoli-outdoor","status":"publish","type":"post","link":"https:\/\/www.interninow.it\/it\/7-migliori-tavoli-outdoor\/","title":{"rendered":"7 Migliori tavoli outdoor"},"content":{"rendered":"\t\t<div data-elementor-type=\"wp-post\" data-elementor-id=\"19647\" class=\"elementor elementor-19647 elementor-19608\" data-elementor-post-type=\"post\">\n\t\t\t\t\t\t<section class=\"elementor-section elementor-top-section elementor-element elementor-element-d6d3162 elementor-section-boxed elementor-section-height-default elementor-section-height-default\" data-id=\"d6d3162\" data-element_type=\"section\" data-e-type=\"section\">\n\t\t\t\t\t\t<div class=\"elementor-container elementor-column-gap-default\">\n\t\t\t\t\t<div class=\"elementor-column elementor-col-100 elementor-top-column elementor-element elementor-element-2a6cd68\" data-id=\"2a6cd68\" data-element_type=\"column\" data-e-type=\"column\">\n\t\t\t<div class=\"elementor-widget-wrap elementor-element-populated\">\n\t\t\t\t\t\t<div class=\"elementor-element elementor-element-ef39ae9 elementor-widget elementor-widget-text-editor\" data-id=\"ef39ae9\" data-element_type=\"widget\" data-e-type=\"widget\" data-widget_type=\"text-editor.default\">\n\t\t\t\t<div class=\"elementor-widget-container\">\n\t\t\t\t\t\t\t\t\t<p>L&#8217;estate \u00e8 convivialit\u00e0, tempo libero, pasti all&#8217;aperto, aperitivi fino a tarda sera o, perch\u00e9 no, anche una postazione di lavoro sul terrazzo.<br>E che siamo soli o in compagnia, in famiglia o con amici, <strong>i tavoli outdoor sono il trait d&#8217;union che lega insieme tutte queste attivit\u00e0.<\/strong><\/p><p>Resistente, durevole e di qualit\u00e0, \u00e8 un oggetto d&#8217;arredamento che ha riscoperto negli ultimi anni una nuova vita e luce, al punto da <strong>invogliare molti brand di arredo di lusso ad ampliare i loro cataloghi<\/strong> e lanciare nuove collezioni per l&#8217;ambiente esterno pronte a soddisfare i requisiti dei pi\u00f9.<\/p><p>Formali ed eleganti o informali e minimal, pi\u00f9 una serie di sfaccettature intermedie in grado di adattarsi alle esigenze e preferenze di ciascuno, i <strong>tavoli outdoor che seguono hanno tutti un design impeccabile e senza tempo<\/strong>. Perfetti immersi in un giardino o posizionati sotto un portico, su un terrazzo e anche in balconi dalle dimensioni contenute, ci fanno tutti venire voglia di trascorrere lunghe giornate all&#8217;aperto.<\/p>\t\t\t\t\t\t\t\t<\/div>\n\t\t\t\t<\/div>\n\t\t\t\t<div class=\"elementor-element elementor-element-47bdc9f elementor-widget elementor-widget-heading\" data-id=\"47bdc9f\" data-element_type=\"widget\" data-e-type=\"widget\" data-widget_type=\"heading.default\">\n\t\t\t\t<div class=\"elementor-widget-container\">\n\t\t\t\t\t<div class=\"elementor-heading-title elementor-size-default\">Continua a leggere per scoprire le nostre proposte e contattaci per ricevere la tua quotazione.<\/div>\t\t\t\t<\/div>\n\t\t\t\t<\/div>\n\t\t\t\t<div class=\"elementor-element elementor-element-35c9a3e elementor-widget elementor-widget-table-of-contents\" data-id=\"35c9a3e\" data-element_type=\"widget\" data-e-type=\"widget\" data-settings=\"{&quot;exclude_headings_by_selector&quot;:[],&quot;headings_by_tags&quot;:[&quot;h2&quot;,&quot;h3&quot;,&quot;h4&quot;,&quot;h5&quot;,&quot;h6&quot;],&quot;marker_view&quot;:&quot;numbers&quot;,&quot;no_headings_message&quot;:&quot;Non sono state trovate intestazioni in questa pagina.&quot;,&quot;hierarchical_view&quot;:&quot;yes&quot;,&quot;min_height&quot;:{&quot;unit&quot;:&quot;px&quot;,&quot;size&quot;:&quot;&quot;,&quot;sizes&quot;:[]},&quot;min_height_laptop&quot;:{&quot;unit&quot;:&quot;px&quot;,&quot;size&quot;:&quot;&quot;,&quot;sizes&quot;:[]},&quot;min_height_tablet_extra&quot;:{&quot;unit&quot;:&quot;px&quot;,&quot;size&quot;:&quot;&quot;,&quot;sizes&quot;:[]},&quot;min_height_tablet&quot;:{&quot;unit&quot;:&quot;px&quot;,&quot;size&quot;:&quot;&quot;,&quot;sizes&quot;:[]},&quot;min_height_mobile_extra&quot;:{&quot;unit&quot;:&quot;px&quot;,&quot;size&quot;:&quot;&quot;,&quot;sizes&quot;:[]},&quot;min_height_mobile&quot;:{&quot;unit&quot;:&quot;px&quot;,&quot;size&quot;:&quot;&quot;,&quot;sizes&quot;:[]}}\" data-widget_type=\"table-of-contents.default\">\n\t\t\t\t<div class=\"elementor-widget-container\">\n\t\t\t\t\t\t\t\t\t<div id=\"elementor-toc__35c9a3e\" class=\"elementor-toc__body\">\n\t\t\t<div class=\"elementor-toc__spinner-container\">\n\t\t\t\t<svg class=\"elementor-toc__spinner eicon-animation-spin e-font-icon-svg e-eicon-loading\" aria-hidden=\"true\" viewBox=\"0 0 1000 1000\" xmlns=\"http:\/\/www.w3.org\/2000\/svg\"><path d=\"M500 975V858C696 858 858 696 858 500S696 142 500 142 142 304 142 500H25C25 237 238 25 500 25S975 237 975 500 763 975 500 975Z\"><\/path><\/svg>\t\t\t<\/div>\n\t\t<\/div>\n\t\t\t\t\t\t<\/div>\n\t\t\t\t<\/div>\n\t\t\t\t<div class=\"elementor-element elementor-element-adfbf94 elementor-widget-divider--view-line elementor-widget elementor-widget-divider\" data-id=\"adfbf94\" data-element_type=\"widget\" data-e-type=\"widget\" data-widget_type=\"divider.default\">\n\t\t\t\t<div class=\"elementor-widget-container\">\n\t\t\t\t\t\t\t<div class=\"elementor-divider\">\n\t\t\t<span class=\"elementor-divider-separator\">\n\t\t\t\t\t\t<\/span>\n\t\t<\/div>\n\t\t\t\t\t\t<\/div>\n\t\t\t\t<\/div>\n\t\t\t\t<div class=\"elementor-element elementor-element-7d86329 elementor-widget elementor-widget-heading\" data-id=\"7d86329\" data-element_type=\"widget\" data-e-type=\"widget\" data-widget_type=\"heading.default\">\n\t\t\t\t<div class=\"elementor-widget-container\">\n\t\t\t\t\t<h2 class=\"elementor-heading-title elementor-size-default\">Il tavolo in ceramica: B&amp;B ITALIA, Canasta <\/h2>\t\t\t\t<\/div>\n\t\t\t\t<\/div>\n\t\t\t\t<div class=\"elementor-element elementor-element-597f36c elementor-widget elementor-widget-text-editor\" data-id=\"597f36c\" data-element_type=\"widget\" data-e-type=\"widget\" data-widget_type=\"text-editor.default\">\n\t\t\t\t<div class=\"elementor-widget-container\">\n\t\t\t\t\t\t\t\t\tUn look black and white per questo tavolo rettangolare con struttura in alluminio e piano rivestito con piastrelle in gres porcellanato. Essenziale nella struttura e nella forma, trova il suo equilibrio nel contrasto con decori a motivi grafici.\t\t\t\t\t\t\t\t<\/div>\n\t\t\t\t<\/div>\n\t\t\t\t<div class=\"elementor-element elementor-element-75a0378 elementor-widget elementor-widget-image\" data-id=\"75a0378\" data-element_type=\"widget\" data-e-type=\"widget\" data-widget_type=\"image.default\">\n\t\t\t\t<div class=\"elementor-widget-container\">\n\t\t\t\t\t\t\t\t\t\t\t\t\t\t\t<img decoding=\"async\" width=\"800\" height=\"634\" src=\"https:\/\/www.interninow.it\/wp-content\/uploads\/2022\/06\/7-best-outdoor-tables-Interni-now-1.jpg\" class=\"attachment-large size-large wp-image-19615\" alt=\"7 Migliori tavoli outdoor-Interni now-B&amp;B Italia-Canasta\" srcset=\"https:\/\/www.interninow.it\/wp-content\/uploads\/2022\/06\/7-best-outdoor-tables-Interni-now-1.jpg 883w, https:\/\/www.interninow.it\/wp-content\/uploads\/2022\/06\/7-best-outdoor-tables-Interni-now-1-500x396.jpg 500w, https:\/\/www.interninow.it\/wp-content\/uploads\/2022\/06\/7-best-outdoor-tables-Interni-now-1-700x555.jpg 700w, https:\/\/www.interninow.it\/wp-content\/uploads\/2022\/06\/7-best-outdoor-tables-Interni-now-1-300x238.jpg 300w, https:\/\/www.interninow.it\/wp-content\/uploads\/2022\/06\/7-best-outdoor-tables-Interni-now-1-768x609.jpg 768w\" sizes=\"(max-width: 800px) 100vw, 800px\" title=\"\">\t\t\t\t\t\t\t\t\t\t\t\t\t\t\t<\/div>\n\t\t\t\t<\/div>\n\t\t\t\t<div class=\"elementor-element elementor-element-018b32d elementor-widget elementor-widget-spacer\" data-id=\"018b32d\" data-element_type=\"widget\" data-e-type=\"widget\" data-widget_type=\"spacer.default\">\n\t\t\t\t<div class=\"elementor-widget-container\">\n\t\t\t\t\t\t\t<div class=\"elementor-spacer\">\n\t\t\t<div class=\"elementor-spacer-inner\"><\/div>\n\t\t<\/div>\n\t\t\t\t\t\t<\/div>\n\t\t\t\t<\/div>\n\t\t\t\t<div class=\"elementor-element elementor-element-7b34749 elementor-widget elementor-widget-heading\" data-id=\"7b34749\" data-element_type=\"widget\" data-e-type=\"widget\" data-widget_type=\"heading.default\">\n\t\t\t\t<div class=\"elementor-widget-container\">\n\t\t\t\t\t<h2 class=\"elementor-heading-title elementor-size-default\">Il tavolo in legno: POLTRONA FRAU, The secret garden<\/h2>\t\t\t\t<\/div>\n\t\t\t\t<\/div>\n\t\t\t\t<div class=\"elementor-element elementor-element-6d1e370 elementor-widget elementor-widget-text-editor\" data-id=\"6d1e370\" data-element_type=\"widget\" data-e-type=\"widget\" data-widget_type=\"text-editor.default\">\n\t\t\t\t<div class=\"elementor-widget-container\">\n\t\t\t\t\t\t\t\t\t<p>Le forme sinuose e la morbidezza del legno scaldano qualunque ambiente, indoor o outdoor che sia. The secret garden \u00e8 la prima collezione per outdoor firmata <a title=\"Poltrona Frau\" href=\"https:\/\/www.dev.intnow.it\/it\/poltrona-frau-storia-di-design\/\" target=\"_blank\" rel=\"noopener\">Poltrona Frau<\/a>: un design dello stile elegante e dalle linee morbide che mettono insieme il Made in Italy con la passione scandinava per il legno.<\/p>\t\t\t\t\t\t\t\t<\/div>\n\t\t\t\t<\/div>\n\t\t\t\t<div class=\"elementor-element elementor-element-6098366 elementor-widget elementor-widget-image\" data-id=\"6098366\" data-element_type=\"widget\" data-e-type=\"widget\" data-widget_type=\"image.default\">\n\t\t\t\t<div class=\"elementor-widget-container\">\n\t\t\t\t\t\t\t\t\t\t\t\t\t\t\t<img decoding=\"async\" width=\"800\" height=\"425\" src=\"https:\/\/www.interninow.it\/wp-content\/uploads\/2022\/06\/7-best-outdoor-tables-Interni-now-2-1024x544.jpg\" class=\"attachment-large size-large wp-image-19617\" alt=\"7 Migliori tavoli outdoor-Interni now-POLTRONA FRAU, The secret garden\" srcset=\"https:\/\/www.interninow.it\/wp-content\/uploads\/2022\/06\/7-best-outdoor-tables-Interni-now-2-1024x544.jpg 1024w, https:\/\/www.interninow.it\/wp-content\/uploads\/2022\/06\/7-best-outdoor-tables-Interni-now-2-500x266.jpg 500w, https:\/\/www.interninow.it\/wp-content\/uploads\/2022\/06\/7-best-outdoor-tables-Interni-now-2-700x372.jpg 700w, https:\/\/www.interninow.it\/wp-content\/uploads\/2022\/06\/7-best-outdoor-tables-Interni-now-2-300x159.jpg 300w, https:\/\/www.interninow.it\/wp-content\/uploads\/2022\/06\/7-best-outdoor-tables-Interni-now-2-768x408.jpg 768w, https:\/\/www.interninow.it\/wp-content\/uploads\/2022\/06\/7-best-outdoor-tables-Interni-now-2.jpg 1430w\" sizes=\"(max-width: 800px) 100vw, 800px\" title=\"\">\t\t\t\t\t\t\t\t\t\t\t\t\t\t\t<\/div>\n\t\t\t\t<\/div>\n\t\t\t\t<div class=\"elementor-element elementor-element-c8ffee2 elementor-widget elementor-widget-spacer\" data-id=\"c8ffee2\" data-element_type=\"widget\" data-e-type=\"widget\" data-widget_type=\"spacer.default\">\n\t\t\t\t<div class=\"elementor-widget-container\">\n\t\t\t\t\t\t\t<div class=\"elementor-spacer\">\n\t\t\t<div class=\"elementor-spacer-inner\"><\/div>\n\t\t<\/div>\n\t\t\t\t\t\t<\/div>\n\t\t\t\t<\/div>\n\t\t\t\t<div class=\"elementor-element elementor-element-e854c22 elementor-widget elementor-widget-heading\" data-id=\"e854c22\" data-element_type=\"widget\" data-e-type=\"widget\" data-widget_type=\"heading.default\">\n\t\t\t\t<div class=\"elementor-widget-container\">\n\t\t\t\t\t<h2 class=\"elementor-heading-title elementor-size-default\">Il tavolo per gli ambienti piccoli: PAOLA LENTI, Giro<\/h2>\t\t\t\t<\/div>\n\t\t\t\t<\/div>\n\t\t\t\t<div class=\"elementor-element elementor-element-a5fc41b elementor-widget elementor-widget-text-editor\" data-id=\"a5fc41b\" data-element_type=\"widget\" data-e-type=\"widget\" data-widget_type=\"text-editor.default\">\n\t\t\t\t<div class=\"elementor-widget-container\">\n\t\t\t\t\t\t\t\t\tPerfetto per gli spazi dalle dimensioni contenute, Giro \u00e8 un prodotto multitasking: grazie alla possibilit\u00e0 di essere regolato in altezza, infatti, passa con un click dalla funzione dining a quella living. Completalo con le poltroncine che pi\u00f9 ti piacciono e usalo come tavolino basso o alto a seconda della necessit\u00e0.\t\t\t\t\t\t\t\t<\/div>\n\t\t\t\t<\/div>\n\t\t\t\t<div class=\"elementor-element elementor-element-3a2cc91 elementor-widget elementor-widget-image\" data-id=\"3a2cc91\" data-element_type=\"widget\" data-e-type=\"widget\" data-widget_type=\"image.default\">\n\t\t\t\t<div class=\"elementor-widget-container\">\n\t\t\t\t\t\t\t\t\t\t\t\t\t\t\t<img decoding=\"async\" width=\"800\" height=\"431\" src=\"https:\/\/www.interninow.it\/wp-content\/uploads\/2022\/06\/7-best-outdoor-tables-Interni-now-3-1024x552.jpg\" class=\"attachment-large size-large wp-image-19619\" alt=\"7 Migliori tavoli outdoor-Interni now-PAOLA LENTI, Giro\" srcset=\"https:\/\/www.interninow.it\/wp-content\/uploads\/2022\/06\/7-best-outdoor-tables-Interni-now-3-1024x552.jpg 1024w, https:\/\/www.interninow.it\/wp-content\/uploads\/2022\/06\/7-best-outdoor-tables-Interni-now-3-500x270.jpg 500w, https:\/\/www.interninow.it\/wp-content\/uploads\/2022\/06\/7-best-outdoor-tables-Interni-now-3-700x377.jpg 700w, https:\/\/www.interninow.it\/wp-content\/uploads\/2022\/06\/7-best-outdoor-tables-Interni-now-3-300x162.jpg 300w, https:\/\/www.interninow.it\/wp-content\/uploads\/2022\/06\/7-best-outdoor-tables-Interni-now-3-768x414.jpg 768w, https:\/\/www.interninow.it\/wp-content\/uploads\/2022\/06\/7-best-outdoor-tables-Interni-now-3.jpg 1280w\" sizes=\"(max-width: 800px) 100vw, 800px\" title=\"\">\t\t\t\t\t\t\t\t\t\t\t\t\t\t\t<\/div>\n\t\t\t\t<\/div>\n\t\t\t\t<div class=\"elementor-element elementor-element-61e9ade elementor-widget elementor-widget-spacer\" data-id=\"61e9ade\" data-element_type=\"widget\" data-e-type=\"widget\" data-widget_type=\"spacer.default\">\n\t\t\t\t<div class=\"elementor-widget-container\">\n\t\t\t\t\t\t\t<div class=\"elementor-spacer\">\n\t\t\t<div class=\"elementor-spacer-inner\"><\/div>\n\t\t<\/div>\n\t\t\t\t\t\t<\/div>\n\t\t\t\t<\/div>\n\t\t\t\t<div class=\"elementor-element elementor-element-2486b1b elementor-widget elementor-widget-heading\" data-id=\"2486b1b\" data-element_type=\"widget\" data-e-type=\"widget\" data-widget_type=\"heading.default\">\n\t\t\t\t<div class=\"elementor-widget-container\">\n\t\t\t\t\t<h2 class=\"elementor-heading-title elementor-size-default\">Il tavolo allungabile: RODA, Brick<\/h2>\t\t\t\t<\/div>\n\t\t\t\t<\/div>\n\t\t\t\t<div class=\"elementor-element elementor-element-3322f40 elementor-widget elementor-widget-text-editor\" data-id=\"3322f40\" data-element_type=\"widget\" data-e-type=\"widget\" data-widget_type=\"text-editor.default\">\n\t\t\t\t<div class=\"elementor-widget-container\">\n\t\t\t\t\t\t\t\t\t<p>Mattoncino dopo mattoncino, come dice il nome stesso, Brick cresce insieme al numero di ospiti al tuo tavolo da pranzo. Il suo design elegante, solido e al contempo dinamico gli ha conferito la menzione d&#8217;onore al <a title=\"XXIV Compasso d&#039;Oro Award in 2016-Roda Brick\" href=\"https:\/\/www.adi-design.org\/i-vincitori-del-compasso-d-oro-2016.html\" target=\"_blank\" rel=\"noopener\">XXIV Premio Compasso d\u2019Oro del 2016.<\/a><\/p>\t\t\t\t\t\t\t\t<\/div>\n\t\t\t\t<\/div>\n\t\t\t\t<div class=\"elementor-element elementor-element-1175603 elementor-widget elementor-widget-image\" data-id=\"1175603\" data-element_type=\"widget\" data-e-type=\"widget\" data-widget_type=\"image.default\">\n\t\t\t\t<div class=\"elementor-widget-container\">\n\t\t\t\t\t\t\t\t\t\t\t\t\t\t\t<img decoding=\"async\" width=\"800\" height=\"480\" src=\"https:\/\/www.interninow.it\/wp-content\/uploads\/2022\/06\/7-best-outdoor-tables-Interni-now-4-1024x614.jpg\" class=\"attachment-large size-large wp-image-19624\" alt=\"7 Migliori tavoli outdoor-Interni now-RODA, Brick\" srcset=\"https:\/\/www.interninow.it\/wp-content\/uploads\/2022\/06\/7-best-outdoor-tables-Interni-now-4-1024x614.jpg 1024w, https:\/\/www.interninow.it\/wp-content\/uploads\/2022\/06\/7-best-outdoor-tables-Interni-now-4-500x300.jpg 500w, https:\/\/www.interninow.it\/wp-content\/uploads\/2022\/06\/7-best-outdoor-tables-Interni-now-4-700x420.jpg 700w, https:\/\/www.interninow.it\/wp-content\/uploads\/2022\/06\/7-best-outdoor-tables-Interni-now-4-300x180.jpg 300w, https:\/\/www.interninow.it\/wp-content\/uploads\/2022\/06\/7-best-outdoor-tables-Interni-now-4-768x461.jpg 768w, https:\/\/www.interninow.it\/wp-content\/uploads\/2022\/06\/7-best-outdoor-tables-Interni-now-4-1536x922.jpg 1536w, https:\/\/www.interninow.it\/wp-content\/uploads\/2022\/06\/7-best-outdoor-tables-Interni-now-4.jpg 1920w\" sizes=\"(max-width: 800px) 100vw, 800px\" title=\"\">\t\t\t\t\t\t\t\t\t\t\t\t\t\t\t<\/div>\n\t\t\t\t<\/div>\n\t\t\t\t<div class=\"elementor-element elementor-element-7a80930 elementor-widget elementor-widget-spacer\" data-id=\"7a80930\" data-element_type=\"widget\" data-e-type=\"widget\" data-widget_type=\"spacer.default\">\n\t\t\t\t<div class=\"elementor-widget-container\">\n\t\t\t\t\t\t\t<div class=\"elementor-spacer\">\n\t\t\t<div class=\"elementor-spacer-inner\"><\/div>\n\t\t<\/div>\n\t\t\t\t\t\t<\/div>\n\t\t\t\t<\/div>\n\t\t\t\t<div class=\"elementor-element elementor-element-8328c81 elementor-widget elementor-widget-heading\" data-id=\"8328c81\" data-element_type=\"widget\" data-e-type=\"widget\" data-widget_type=\"heading.default\">\n\t\t\t\t<div class=\"elementor-widget-container\">\n\t\t\t\t\t<h2 class=\"elementor-heading-title elementor-size-default\">Il tavolo scultoreo: TRIB\u00d9, Tao<\/h2>\t\t\t\t<\/div>\n\t\t\t\t<\/div>\n\t\t\t\t<div class=\"elementor-element elementor-element-1e40131 elementor-widget elementor-widget-text-editor\" data-id=\"1e40131\" data-element_type=\"widget\" data-e-type=\"widget\" data-widget_type=\"text-editor.default\">\n\t\t\t\t<div class=\"elementor-widget-container\">\n\t\t\t\t\t\t\t\t\tPiede centrale massiccio e scultoreo, piano ultrasottile ed essenziale. Un gioco di contrasti ed equilibri per un pezzo di design che sembra quasi un&#8217;opera d&#8217;arte, solida ed elegante.\t\t\t\t\t\t\t\t<\/div>\n\t\t\t\t<\/div>\n\t\t\t\t<div class=\"elementor-element elementor-element-c2202e3 elementor-widget elementor-widget-image\" data-id=\"c2202e3\" data-element_type=\"widget\" data-e-type=\"widget\" data-widget_type=\"image.default\">\n\t\t\t\t<div class=\"elementor-widget-container\">\n\t\t\t\t\t\t\t\t\t\t\t\t\t\t\t<img decoding=\"async\" width=\"800\" height=\"599\" src=\"https:\/\/www.interninow.it\/wp-content\/uploads\/2022\/06\/7-best-outdoor-tables-Interni-now-5-1024x767.jpg\" class=\"attachment-large size-large wp-image-19626\" alt=\"7 Migliori tavoli outdoor-Interni now-TRIB\u00f9, Tao\" srcset=\"https:\/\/www.interninow.it\/wp-content\/uploads\/2022\/06\/7-best-outdoor-tables-Interni-now-5-1024x767.jpg 1024w, https:\/\/www.interninow.it\/wp-content\/uploads\/2022\/06\/7-best-outdoor-tables-Interni-now-5-500x375.jpg 500w, https:\/\/www.interninow.it\/wp-content\/uploads\/2022\/06\/7-best-outdoor-tables-Interni-now-5-700x525.jpg 700w, https:\/\/www.interninow.it\/wp-content\/uploads\/2022\/06\/7-best-outdoor-tables-Interni-now-5-300x225.jpg 300w, https:\/\/www.interninow.it\/wp-content\/uploads\/2022\/06\/7-best-outdoor-tables-Interni-now-5-768x576.jpg 768w, https:\/\/www.interninow.it\/wp-content\/uploads\/2022\/06\/7-best-outdoor-tables-Interni-now-5-1536x1151.jpg 1536w, https:\/\/www.interninow.it\/wp-content\/uploads\/2022\/06\/7-best-outdoor-tables-Interni-now-5.jpg 2000w\" sizes=\"(max-width: 800px) 100vw, 800px\" title=\"\">\t\t\t\t\t\t\t\t\t\t\t\t\t\t\t<\/div>\n\t\t\t\t<\/div>\n\t\t\t\t<div class=\"elementor-element elementor-element-a5bf79b elementor-widget elementor-widget-spacer\" data-id=\"a5bf79b\" data-element_type=\"widget\" data-e-type=\"widget\" data-widget_type=\"spacer.default\">\n\t\t\t\t<div class=\"elementor-widget-container\">\n\t\t\t\t\t\t\t<div class=\"elementor-spacer\">\n\t\t\t<div class=\"elementor-spacer-inner\"><\/div>\n\t\t<\/div>\n\t\t\t\t\t\t<\/div>\n\t\t\t\t<\/div>\n\t\t\t\t<div class=\"elementor-element elementor-element-deb28cb elementor-widget elementor-widget-heading\" data-id=\"deb28cb\" data-element_type=\"widget\" data-e-type=\"widget\" data-widget_type=\"heading.default\">\n\t\t\t\t<div class=\"elementor-widget-container\">\n\t\t\t\t\t<h2 class=\"elementor-heading-title elementor-size-default\">Il tavolo minimale: DEDON, Bellmonde <\/h2>\t\t\t\t<\/div>\n\t\t\t\t<\/div>\n\t\t\t\t<div class=\"elementor-element elementor-element-35a3eb8 elementor-widget elementor-widget-text-editor\" data-id=\"35a3eb8\" data-element_type=\"widget\" data-e-type=\"widget\" data-widget_type=\"text-editor.default\">\n\t\t\t\t<div class=\"elementor-widget-container\">\n\t\t\t\t\t\t\t\t\t<p>Disponibile in varie dimensioni, \u00e8 il tavolo che mette tutti d&#8217;accordo. Minimal ed elegante, \u00e8 in grado di adattarsi perfettamente a qualunque tipo di seduta e di ambiente, mostrando sempre la versione migliore di s\u00e9.<\/p>\t\t\t\t\t\t\t\t<\/div>\n\t\t\t\t<\/div>\n\t\t\t\t<div class=\"elementor-element elementor-element-297137a elementor-widget elementor-widget-image\" data-id=\"297137a\" data-element_type=\"widget\" data-e-type=\"widget\" data-widget_type=\"image.default\">\n\t\t\t\t<div class=\"elementor-widget-container\">\n\t\t\t\t\t\t\t\t\t\t\t\t\t\t\t<img decoding=\"async\" width=\"800\" height=\"450\" src=\"https:\/\/www.interninow.it\/wp-content\/uploads\/2022\/06\/7-best-outdoor-tables-Interni-now-6-1024x576.jpg\" class=\"attachment-large size-large wp-image-19628\" alt=\"7 Migliori tavoli outdoor-Interni now-DEDON, Bellmonde\" srcset=\"https:\/\/www.interninow.it\/wp-content\/uploads\/2022\/06\/7-best-outdoor-tables-Interni-now-6-1024x576.jpg 1024w, https:\/\/www.interninow.it\/wp-content\/uploads\/2022\/06\/7-best-outdoor-tables-Interni-now-6-500x281.jpg 500w, https:\/\/www.interninow.it\/wp-content\/uploads\/2022\/06\/7-best-outdoor-tables-Interni-now-6-700x394.jpg 700w, https:\/\/www.interninow.it\/wp-content\/uploads\/2022\/06\/7-best-outdoor-tables-Interni-now-6-300x169.jpg 300w, https:\/\/www.interninow.it\/wp-content\/uploads\/2022\/06\/7-best-outdoor-tables-Interni-now-6-768x432.jpg 768w, https:\/\/www.interninow.it\/wp-content\/uploads\/2022\/06\/7-best-outdoor-tables-Interni-now-6-1536x864.jpg 1536w, https:\/\/www.interninow.it\/wp-content\/uploads\/2022\/06\/7-best-outdoor-tables-Interni-now-6.jpg 1920w\" sizes=\"(max-width: 800px) 100vw, 800px\" title=\"\">\t\t\t\t\t\t\t\t\t\t\t\t\t\t\t<\/div>\n\t\t\t\t<\/div>\n\t\t\t\t<div class=\"elementor-element elementor-element-7ff1250 elementor-widget elementor-widget-spacer\" data-id=\"7ff1250\" data-element_type=\"widget\" data-e-type=\"widget\" data-widget_type=\"spacer.default\">\n\t\t\t\t<div class=\"elementor-widget-container\">\n\t\t\t\t\t\t\t<div class=\"elementor-spacer\">\n\t\t\t<div class=\"elementor-spacer-inner\"><\/div>\n\t\t<\/div>\n\t\t\t\t\t\t<\/div>\n\t\t\t\t<\/div>\n\t\t\t\t<div class=\"elementor-element elementor-element-b8ea89a elementor-widget elementor-widget-heading\" data-id=\"b8ea89a\" data-element_type=\"widget\" data-e-type=\"widget\" data-widget_type=\"heading.default\">\n\t\t\t\t<div class=\"elementor-widget-container\">\n\t\t\t\t\t<h2 class=\"elementor-heading-title elementor-size-default\">Il tavolo materico: KETTAL, Il colonnato<\/h2>\t\t\t\t<\/div>\n\t\t\t\t<\/div>\n\t\t\t\t<div class=\"elementor-element elementor-element-b556de4 elementor-widget elementor-widget-text-editor\" data-id=\"b556de4\" data-element_type=\"widget\" data-e-type=\"widget\" data-widget_type=\"text-editor.default\">\n\t\t\t\t<div class=\"elementor-widget-container\">\n\t\t\t\t\t\t\t\t\t<p>Un design che prende spunto dal portico sorretto da colonne tipico dell&#8217;architettura classica. Il portico in questo caso \u00e8 il top e le colonne sono una serie di geometrie elementari che, ripetute, si trasformano al cambiare del punto di vista, rivelando uno spazio a tratti vuoto e ad altri pieno.<\/p>\t\t\t\t\t\t\t\t<\/div>\n\t\t\t\t<\/div>\n\t\t\t\t<div class=\"elementor-element elementor-element-76c374c elementor-widget elementor-widget-image\" data-id=\"76c374c\" data-element_type=\"widget\" data-e-type=\"widget\" data-widget_type=\"image.default\">\n\t\t\t\t<div class=\"elementor-widget-container\">\n\t\t\t\t\t\t\t\t\t\t\t\t\t\t\t<img decoding=\"async\" width=\"800\" height=\"400\" src=\"https:\/\/www.interninow.it\/wp-content\/uploads\/2022\/06\/7-best-outdoor-tables-Interni-now-7-1024x512.jpg\" class=\"attachment-large size-large wp-image-19633\" alt=\"7 Migliori tavoli outdoor-Interni now-KETTAL, Il colonnato\" srcset=\"https:\/\/www.interninow.it\/wp-content\/uploads\/2022\/06\/7-best-outdoor-tables-Interni-now-7-1024x512.jpg 1024w, https:\/\/www.interninow.it\/wp-content\/uploads\/2022\/06\/7-best-outdoor-tables-Interni-now-7-500x250.jpg 500w, https:\/\/www.interninow.it\/wp-content\/uploads\/2022\/06\/7-best-outdoor-tables-Interni-now-7-700x350.jpg 700w, https:\/\/www.interninow.it\/wp-content\/uploads\/2022\/06\/7-best-outdoor-tables-Interni-now-7-300x150.jpg 300w, https:\/\/www.interninow.it\/wp-content\/uploads\/2022\/06\/7-best-outdoor-tables-Interni-now-7-768x384.jpg 768w, https:\/\/www.interninow.it\/wp-content\/uploads\/2022\/06\/7-best-outdoor-tables-Interni-now-7.jpg 1440w\" sizes=\"(max-width: 800px) 100vw, 800px\" title=\"\">\t\t\t\t\t\t\t\t\t\t\t\t\t\t\t<\/div>\n\t\t\t\t<\/div>\n\t\t\t\t<div class=\"elementor-element elementor-element-acbe6ea elementor-widget elementor-widget-spacer\" data-id=\"acbe6ea\" data-element_type=\"widget\" data-e-type=\"widget\" data-widget_type=\"spacer.default\">\n\t\t\t\t<div class=\"elementor-widget-container\">\n\t\t\t\t\t\t\t<div class=\"elementor-spacer\">\n\t\t\t<div class=\"elementor-spacer-inner\"><\/div>\n\t\t<\/div>\n\t\t\t\t\t\t<\/div>\n\t\t\t\t<\/div>\n\t\t\t\t\t<\/div>\n\t\t<\/div>\n\t\t\t\t\t<\/div>\n\t\t<\/section>\n\t\t\t\t<section class=\"elementor-section elementor-top-section elementor-element elementor-element-44d1cd73 elementor-section-boxed elementor-section-height-default elementor-section-height-default\" data-id=\"44d1cd73\" data-element_type=\"section\" data-e-type=\"section\">\n\t\t\t\t\t\t<div class=\"elementor-container elementor-column-gap-default\">\n\t\t\t\t\t<div class=\"elementor-column elementor-col-100 elementor-top-column elementor-element elementor-element-510455ed\" data-id=\"510455ed\" data-element_type=\"column\" data-e-type=\"column\">\n\t\t\t<div class=\"elementor-widget-wrap elementor-element-populated\">\n\t\t\t\t\t\t<div class=\"elementor-element elementor-element-6ea186f elementor-widget-divider--view-line elementor-widget elementor-widget-divider\" data-id=\"6ea186f\" data-element_type=\"widget\" data-e-type=\"widget\" data-widget_type=\"divider.default\">\n\t\t\t\t<div class=\"elementor-widget-container\">\n\t\t\t\t\t\t\t<div class=\"elementor-divider\">\n\t\t\t<span class=\"elementor-divider-separator\">\n\t\t\t\t\t\t<\/span>\n\t\t<\/div>\n\t\t\t\t\t\t<\/div>\n\t\t\t\t<\/div>\n\t\t\t\t<div class=\"elementor-element elementor-element-4baca1a9 elementor-widget elementor-widget-heading\" data-id=\"4baca1a9\" data-element_type=\"widget\" data-e-type=\"widget\" data-widget_type=\"heading.default\">\n\t\t\t\t<div class=\"elementor-widget-container\">\n\t\t\t\t\t<div class=\"elementor-heading-title elementor-size-default\">Ti interessano questi tavoli outdoor?<\/div>\t\t\t\t<\/div>\n\t\t\t\t<\/div>\n\t\t\t\t<div class=\"elementor-element elementor-element-708c5c2a elementor-widget elementor-widget-heading\" data-id=\"708c5c2a\" data-element_type=\"widget\" data-e-type=\"widget\" data-widget_type=\"heading.default\">\n\t\t\t\t<div class=\"elementor-widget-container\">\n\t\t\t\t\t<div class=\"elementor-heading-title elementor-size-default\">Contattaci per avere la tua quotazione<\/div>\t\t\t\t<\/div>\n\t\t\t\t<\/div>\n\t\t\t\t<div class=\"elementor-element elementor-element-4d07d662 elementor-align-center elementor-widget elementor-widget-button\" data-id=\"4d07d662\" data-element_type=\"widget\" data-e-type=\"widget\" data-widget_type=\"button.default\">\n\t\t\t\t<div class=\"elementor-widget-container\">\n\t\t\t\t\t\t\t\t\t<div class=\"elementor-button-wrapper\">\n\t\t\t\t\t<a class=\"elementor-button elementor-button-link elementor-size-sm elementor-animation-shrink\" href=\"#elementor-action%3Aaction%3Dpopup%3Aopen%26settings%3DeyJpZCI6MTkyMDgsInRvZ2dsZSI6ZmFsc2V9\">\n\t\t\t\t\t\t<span class=\"elementor-button-content-wrapper\">\n\t\t\t\t\t\t\t\t\t<span class=\"elementor-button-text\">richiedila ora<\/span>\n\t\t\t\t\t<\/span>\n\t\t\t\t\t<\/a>\n\t\t\t\t<\/div>\n\t\t\t\t\t\t\t\t<\/div>\n\t\t\t\t<\/div>\n\t\t\t\t\t<\/div>\n\t\t<\/div>\n\t\t\t\t\t<\/div>\n\t\t<\/section>\n\t\t\t\t<\/div>\n\t\t","protected":false},"excerpt":{"rendered":"<p>Scopri la selezione di tavoli outdoor adatti a tutti i gusti dal design impeccabile e senza tempo<\/p>\n","protected":false},"author":44,"featured_media":19610,"comment_status":"open","ping_status":"closed","sticky":false,"template":"","format":"standard","meta":{"footnotes":""},"categories":[323],"tags":[317],"brand":[266,269,270,335,338,339],"class_list":["post-19647","post","type-post","status-publish","format-standard","has-post-thumbnail","hentry","category-idee","tag-outdoor-it","brand-poltrona-frau-it","brand-bb-italia-it","brand-paola-lenti-it","brand-roda","brand-kettal","brand-tribu"],"_links":{"self":[{"href":"https:\/\/www.interninow.it\/it\/wp-json\/wp\/v2\/posts\/19647","targetHints":{"allow":["GET"]}}],"collection":[{"href":"https:\/\/www.interninow.it\/it\/wp-json\/wp\/v2\/posts"}],"about":[{"href":"https:\/\/www.interninow.it\/it\/wp-json\/wp\/v2\/types\/post"}],"author":[{"embeddable":true,"href":"https:\/\/www.interninow.it\/it\/wp-json\/wp\/v2\/users\/44"}],"replies":[{"embeddable":true,"href":"https:\/\/www.interninow.it\/it\/wp-json\/wp\/v2\/comments?post=19647"}],"version-history":[{"count":0,"href":"https:\/\/www.interninow.it\/it\/wp-json\/wp\/v2\/posts\/19647\/revisions"}],"wp:featuredmedia":[{"embeddable":true,"href":"https:\/\/www.interninow.it\/it\/wp-json\/wp\/v2\/media\/19610"}],"wp:attachment":[{"href":"https:\/\/www.interninow.it\/it\/wp-json\/wp\/v2\/media?parent=19647"}],"wp:term":[{"taxonomy":"category","embeddable":true,"href":"https:\/\/www.interninow.it\/it\/wp-json\/wp\/v2\/categories?post=19647"},{"taxonomy":"post_tag","embeddable":true,"href":"https:\/\/www.interninow.it\/it\/wp-json\/wp\/v2\/tags?post=19647"},{"taxonomy":"brand","embeddable":true,"href":"https:\/\/www.interninow.it\/it\/wp-json\/wp\/v2\/brand?post=19647"}],"curies":[{"name":"wp","href":"https:\/\/api.w.org\/{rel}","templated":true}]}}